{"id":147120,"date":"2022-05-06T16:50:45","date_gmt":"2022-05-06T20:50:45","guid":{"rendered":"https:\/\/linitiative.ca\/International\/tunisie-france-quen-est-il-de-lentretien-telephonique-entre-saied-et-macron\/"},"modified":"2022-05-06T16:50:45","modified_gmt":"2022-05-06T20:50:45","slug":"tunisie-france-quen-est-il-de-lentretien-telephonique-entre-saied-et-macron","status":"publish","type":"post","link":"https:\/\/linitiative.ca\/International\/tunisie-france-quen-est-il-de-lentretien-telephonique-entre-saied-et-macron\/","title":{"rendered":"Tunisie-France : Qu\u2019en est-il de l\u2019entretien t\u00e9l\u00e9phonique entre Saied et Macron ?"},"content":{"rendered":"<div>\n<p>Le Pr\u00e9sident de la R\u00e9publique, Kais Saied s\u2019est entretenu par t\u00e9l\u00e9phone avec son homologue fran\u00e7ais, Emmanuel Macron aujourd\u2019hui, vendredi 6 mai 2022. Saied a r\u00e9it\u00e9r\u00e9 ses f\u00e9licitations pour la r\u00e9\u00e9lection de Macron \u00e0 la pr\u00e9sidence de la R\u00e9publique fran\u00e7aise. Les deux pr\u00e9sidents ont \u00e9galement pass\u00e9 en revue les progr\u00e8s des liens bilat\u00e9raux solides et distingu\u00e9s [\u2026]<\/p>\n<p>L\u2019article <a href=\"https:\/\/www.tunisienumerique.com\/tunisie-france-quen-est-il-de-lentretien-telephonique-entre-saied-et-macron\/\">Tunisie-France : Qu\u2019en est-il de l\u2019entretien t\u00e9l\u00e9phonique entre Saied et Macron ?<\/a> est apparu en premier sur <a href=\"https:\/\/www.tunisienumerique.com\/\">Tunisie<\/a>.<\/p>\n<\/div>\n<p>Auteur: rania ben slimane<br \/>\n<a href=\"https:\/\/www.tunisienumerique.com\/tunisie-france-quen-est-il-de-lentretien-telephonique-entre-saied-et-macron\/\">Cliquez ici pour lire l&rsquo;article depuis sa source.<\/a><\/p>\n","protected":false},"excerpt":{"rendered":"<p>Le Pr\u00e9sident de la R\u00e9publique, Kais Saied s\u2019est entretenu par t\u00e9l\u00e9phone avec son homologue fran\u00e7ais, Emmanuel Macron aujourd\u2019hui, vendredi 6 mai 2022. Saied a r\u00e9it\u00e9r\u00e9 ses f\u00e9licitations pour la r\u00e9\u00e9lection de Macron \u00e0 la pr\u00e9sidence de la R\u00e9publique fran\u00e7aise. Les deux pr\u00e9sidents ont \u00e9galement pass\u00e9 en revue les progr\u00e8s des liens bilat\u00e9raux solides et distingu\u00e9s [&hellip;]<\/p>\n","protected":false},"author":1789,"featured_media":0,"comment_status":"closed","ping_status":"closed","sticky":false,"template":"","format":"standard","meta":{"fifu_image_url":"","fifu_image_alt":"","footnotes":""},"categories":[73,55],"tags":[],"class_list":["post-147120","post","type-post","status-publish","format-standard","hentry","category-actualite","category-tunisie"],"_links":{"self":[{"href":"https:\/\/linitiative.ca\/International\/wp-json\/wp\/v2\/posts\/147120","targetHints":{"allow":["GET"]}}],"collection":[{"href":"https:\/\/linitiative.ca\/International\/wp-json\/wp\/v2\/posts"}],"about":[{"href":"https:\/\/linitiative.ca\/International\/wp-json\/wp\/v2\/types\/post"}],"author":[{"embeddable":true,"href":"https:\/\/linitiative.ca\/International\/wp-json\/wp\/v2\/users\/1789"}],"replies":[{"embeddable":true,"href":"https:\/\/linitiative.ca\/International\/wp-json\/wp\/v2\/comments?post=147120"}],"version-history":[{"count":0,"href":"https:\/\/linitiative.ca\/International\/wp-json\/wp\/v2\/posts\/147120\/revisions"}],"wp:attachment":[{"href":"https:\/\/linitiative.ca\/International\/wp-json\/wp\/v2\/media?parent=147120"}],"wp:term":[{"taxonomy":"category","embeddable":true,"href":"https:\/\/linitiative.ca\/International\/wp-json\/wp\/v2\/categories?post=147120"},{"taxonomy":"post_tag","embeddable":true,"href":"https:\/\/linitiative.ca\/International\/wp-json\/wp\/v2\/tags?post=147120"}],"curies":[{"name":"wp","href":"https:\/\/api.w.org\/{rel}","templated":true}]}}