{"id":147121,"date":"2022-05-06T17:01:46","date_gmt":"2022-05-06T21:01:46","guid":{"rendered":"https:\/\/linitiative.ca\/International\/pres-de-15-millions-de-morts-dues-au-covid\/"},"modified":"2022-05-06T17:01:46","modified_gmt":"2022-05-06T21:01:46","slug":"pres-de-15-millions-de-morts-dues-au-covid","status":"publish","type":"post","link":"https:\/\/linitiative.ca\/International\/pres-de-15-millions-de-morts-dues-au-covid\/","title":{"rendered":"Pr\u00e8s de 15 millions de morts dues au covid\u00a0?"},"content":{"rendered":"<div>\n<p>L\u2019OMS qui avait annonc\u00e9 que la pand\u00e9mie de covid a entrain\u00e9 la mort de 5.4 millions de personnes directement \u00e0 cause de leur atteinte par le covid. Mais l\u2019organisation a ajout\u00e9 qu\u2019il faudrait ajouter \u00e0 ces morts, quelque 9.5 Autres d\u00e9c\u00e8s soit par covid et qui n\u2019ont pas \u00e9t\u00e9 d\u00e9clar\u00e9es, soit comme cons\u00e9quence indirecte de [\u2026]<\/p>\n<p>L\u2019article <a href=\"https:\/\/www.tunisienumerique.com\/pres-de-15-millions-de-morts-dues-au-covid\/\">Pr\u00e8s de 15 millions de morts dues au covid\u00a0?<\/a> est apparu en premier sur <a href=\"https:\/\/www.tunisienumerique.com\/\">Tunisie<\/a>.<\/p>\n<\/div>\n<p>Auteur: LM<br \/>\n<a href=\"https:\/\/www.tunisienumerique.com\/pres-de-15-millions-de-morts-dues-au-covid\/\">Cliquez ici pour lire l&rsquo;article depuis sa source.<\/a><\/p>\n","protected":false},"excerpt":{"rendered":"<p>L\u2019OMS qui avait annonc\u00e9 que la pand\u00e9mie de covid a entrain\u00e9 la mort de 5.4 millions de personnes directement \u00e0 cause de leur atteinte par le covid. Mais l\u2019organisation a ajout\u00e9 qu\u2019il faudrait ajouter \u00e0 ces morts, quelque 9.5 Autres d\u00e9c\u00e8s soit par covid et qui n\u2019ont pas \u00e9t\u00e9 d\u00e9clar\u00e9es, soit comme cons\u00e9quence indirecte de [&hellip;]<\/p>\n","protected":false},"author":1789,"featured_media":0,"comment_status":"closed","ping_status":"closed","sticky":false,"template":"","format":"standard","meta":{"fifu_image_url":"","fifu_image_alt":"","footnotes":""},"categories":[73,55],"tags":[],"class_list":["post-147121","post","type-post","status-publish","format-standard","hentry","category-actualite","category-tunisie"],"_links":{"self":[{"href":"https:\/\/linitiative.ca\/International\/wp-json\/wp\/v2\/posts\/147121","targetHints":{"allow":["GET"]}}],"collection":[{"href":"https:\/\/linitiative.ca\/International\/wp-json\/wp\/v2\/posts"}],"about":[{"href":"https:\/\/linitiative.ca\/International\/wp-json\/wp\/v2\/types\/post"}],"author":[{"embeddable":true,"href":"https:\/\/linitiative.ca\/International\/wp-json\/wp\/v2\/users\/1789"}],"replies":[{"embeddable":true,"href":"https:\/\/linitiative.ca\/International\/wp-json\/wp\/v2\/comments?post=147121"}],"version-history":[{"count":0,"href":"https:\/\/linitiative.ca\/International\/wp-json\/wp\/v2\/posts\/147121\/revisions"}],"wp:attachment":[{"href":"https:\/\/linitiative.ca\/International\/wp-json\/wp\/v2\/media?parent=147121"}],"wp:term":[{"taxonomy":"category","embeddable":true,"href":"https:\/\/linitiative.ca\/International\/wp-json\/wp\/v2\/categories?post=147121"},{"taxonomy":"post_tag","embeddable":true,"href":"https:\/\/linitiative.ca\/International\/wp-json\/wp\/v2\/tags?post=147121"}],"curies":[{"name":"wp","href":"https:\/\/api.w.org\/{rel}","templated":true}]}}