{"id":147123,"date":"2022-05-06T17:08:54","date_gmt":"2022-05-06T21:08:54","guid":{"rendered":"https:\/\/linitiative.ca\/International\/la-france-reitere-son-appel-au-dialogue-comme-solution-en-tunisie\/"},"modified":"2022-05-06T17:08:54","modified_gmt":"2022-05-06T21:08:54","slug":"la-france-reitere-son-appel-au-dialogue-comme-solution-en-tunisie","status":"publish","type":"post","link":"https:\/\/linitiative.ca\/International\/la-france-reitere-son-appel-au-dialogue-comme-solution-en-tunisie\/","title":{"rendered":"La France r\u00e9it\u00e8re son appel au dialogue comme solution en Tunisie"},"content":{"rendered":"<div>\n<p>Le pr\u00e9sident Ka\u00efs Sa\u00efed a eu, ce vendredi, un entretien t\u00e9l\u00e9phonique, avec son homologue fran\u00e7ais, et a tenu, \u00e0 cette occasion \u00e0 le f\u00e9liciter pour sa r\u00e9\u00e9lection \u00e0 l\u2019Elys\u00e9e.\u00a0 L\u2019entretien a, par ailleurs \u00e9t\u00e9 l\u2019occasion de traiter d\u2019affaires aux int\u00e9r\u00eats communs des deux pays, et notamment, la r\u00e9solution des \u00ab\u00a0d\u00e9fis institutionnels, \u00e9conomiques et sociaux auxquels [\u2026]<\/p>\n<p>L\u2019article <a href=\"https:\/\/www.tunisienumerique.com\/la-france-reitere-son-appel-au-dialogue-comme-solution-en-tunisie\/\">La France r\u00e9it\u00e8re son appel au dialogue comme solution en Tunisie<\/a> est apparu en premier sur <a href=\"https:\/\/www.tunisienumerique.com\/\">Tunisie<\/a>.<\/p>\n<\/div>\n<p>Auteur: LM<br \/>\n<a href=\"https:\/\/www.tunisienumerique.com\/la-france-reitere-son-appel-au-dialogue-comme-solution-en-tunisie\/\">Cliquez ici pour lire l&rsquo;article depuis sa source.<\/a><\/p>\n","protected":false},"excerpt":{"rendered":"<p>Le pr\u00e9sident Ka\u00efs Sa\u00efed a eu, ce vendredi, un entretien t\u00e9l\u00e9phonique, avec son homologue fran\u00e7ais, et a tenu, \u00e0 cette occasion \u00e0 le f\u00e9liciter pour sa r\u00e9\u00e9lection \u00e0 l\u2019Elys\u00e9e.\u00a0 L\u2019entretien a, par ailleurs \u00e9t\u00e9 l\u2019occasion de traiter d\u2019affaires aux int\u00e9r\u00eats communs des deux pays, et notamment, la r\u00e9solution des \u00ab\u00a0d\u00e9fis institutionnels, \u00e9conomiques et sociaux auxquels [&hellip;]<\/p>\n","protected":false},"author":1789,"featured_media":0,"comment_status":"closed","ping_status":"closed","sticky":false,"template":"","format":"standard","meta":{"fifu_image_url":"","fifu_image_alt":"","footnotes":""},"categories":[73,55],"tags":[],"class_list":["post-147123","post","type-post","status-publish","format-standard","hentry","category-actualite","category-tunisie"],"_links":{"self":[{"href":"https:\/\/linitiative.ca\/International\/wp-json\/wp\/v2\/posts\/147123","targetHints":{"allow":["GET"]}}],"collection":[{"href":"https:\/\/linitiative.ca\/International\/wp-json\/wp\/v2\/posts"}],"about":[{"href":"https:\/\/linitiative.ca\/International\/wp-json\/wp\/v2\/types\/post"}],"author":[{"embeddable":true,"href":"https:\/\/linitiative.ca\/International\/wp-json\/wp\/v2\/users\/1789"}],"replies":[{"embeddable":true,"href":"https:\/\/linitiative.ca\/International\/wp-json\/wp\/v2\/comments?post=147123"}],"version-history":[{"count":0,"href":"https:\/\/linitiative.ca\/International\/wp-json\/wp\/v2\/posts\/147123\/revisions"}],"wp:attachment":[{"href":"https:\/\/linitiative.ca\/International\/wp-json\/wp\/v2\/media?parent=147123"}],"wp:term":[{"taxonomy":"category","embeddable":true,"href":"https:\/\/linitiative.ca\/International\/wp-json\/wp\/v2\/categories?post=147123"},{"taxonomy":"post_tag","embeddable":true,"href":"https:\/\/linitiative.ca\/International\/wp-json\/wp\/v2\/tags?post=147123"}],"curies":[{"name":"wp","href":"https:\/\/api.w.org\/{rel}","templated":true}]}}