{"id":147124,"date":"2022-05-06T10:11:09","date_gmt":"2022-05-06T14:11:09","guid":{"rendered":"https:\/\/linitiative.ca\/International\/destruction-des-bars-et-maquis-a-beguedo-le-procureur-a-requis-36-mois-contre-10-prevenus\/"},"modified":"2022-05-06T10:11:09","modified_gmt":"2022-05-06T14:11:09","slug":"destruction-des-bars-et-maquis-a-beguedo-le-procureur-a-requis-36-mois-contre-10-prevenus","status":"publish","type":"post","link":"https:\/\/linitiative.ca\/International\/destruction-des-bars-et-maquis-a-beguedo-le-procureur-a-requis-36-mois-contre-10-prevenus\/","title":{"rendered":"Destruction des bars et maquis \u00e0 B\u00e9gu\u00e9do: le procureur a requis 36 mois contre 10 pr\u00e9venus"},"content":{"rendered":"<div>\n<p>Le procureur du Faso a requis des peines d\u2019emprisonnement allant de 12 mois ferme et 500 000 FCFA d\u2019amende contre\u00a0 cinq pr\u00e9venus et 36 mois fermes avec \u00a01 million de francs CFA contre 10 pr\u00e9venus dans l\u2019affaire de destruction des bars et maquis \u00e0 B\u00e9gu\u00e9do dans la nuit du 31 mars au 1er avril 2022. Rappelons que 26 accus\u00e9s comparaissent dans ce proc\u00e8s qui a repris les 4, 5 et 6 mai 2022 au tribunal de grande instance de Tenkodogo.<\/p>\n<p>Apres les r\u00e9quisitions du parquet, le dossier a \u00e9t\u00e9 mis\u00a0 en d\u00e9lib\u00e9r\u00e9 pour le 20 mai prochain<\/p>\n<p>A.K<\/p>\n<\/div>\n<p>Auteur: BS. Sidwaya<br \/>\n<a href=\"https:\/\/www.sidwaya.info\/blog\/2022\/05\/06\/destruction-des-bars-et-maquis-a-beguedo-le-procureur-requis-36-mois-contre-10-prevenus\/\">Cliquez ici pour lire l&rsquo;article depuis sa source.<\/a><\/p>\n","protected":false},"excerpt":{"rendered":"<p>Le procureur du Faso a requis des peines d\u2019emprisonnement allant de 12 mois ferme et 500 000 FCFA d\u2019amende contre\u00a0 cinq pr\u00e9venus et 36 mois fermes avec \u00a01 million de francs CFA contre 10 pr\u00e9venus dans l\u2019affaire de destruction des bars et maquis \u00e0 B\u00e9gu\u00e9do dans la nuit du 31 mars au 1er avril 2022. [&hellip;]<\/p>\n","protected":false},"author":1816,"featured_media":0,"comment_status":"closed","ping_status":"closed","sticky":false,"template":"","format":"standard","meta":{"fifu_image_url":"","fifu_image_alt":"","footnotes":""},"categories":[73,81],"tags":[],"class_list":["post-147124","post","type-post","status-publish","format-standard","hentry","category-actualite","category-burkina-faso"],"_links":{"self":[{"href":"https:\/\/linitiative.ca\/International\/wp-json\/wp\/v2\/posts\/147124","targetHints":{"allow":["GET"]}}],"collection":[{"href":"https:\/\/linitiative.ca\/International\/wp-json\/wp\/v2\/posts"}],"about":[{"href":"https:\/\/linitiative.ca\/International\/wp-json\/wp\/v2\/types\/post"}],"author":[{"embeddable":true,"href":"https:\/\/linitiative.ca\/International\/wp-json\/wp\/v2\/users\/1816"}],"replies":[{"embeddable":true,"href":"https:\/\/linitiative.ca\/International\/wp-json\/wp\/v2\/comments?post=147124"}],"version-history":[{"count":0,"href":"https:\/\/linitiative.ca\/International\/wp-json\/wp\/v2\/posts\/147124\/revisions"}],"wp:attachment":[{"href":"https:\/\/linitiative.ca\/International\/wp-json\/wp\/v2\/media?parent=147124"}],"wp:term":[{"taxonomy":"category","embeddable":true,"href":"https:\/\/linitiative.ca\/International\/wp-json\/wp\/v2\/categories?post=147124"},{"taxonomy":"post_tag","embeddable":true,"href":"https:\/\/linitiative.ca\/International\/wp-json\/wp\/v2\/tags?post=147124"}],"curies":[{"name":"wp","href":"https:\/\/api.w.org\/{rel}","templated":true}]}}