{"id":147125,"date":"2022-05-06T11:08:08","date_gmt":"2022-05-06T15:08:08","guid":{"rendered":"https:\/\/linitiative.ca\/International\/commune-de-solenzo-lecole-primaire-publique-a-de-dira-incendiee-par-des-groupes-armes\/"},"modified":"2022-05-06T11:08:08","modified_gmt":"2022-05-06T15:08:08","slug":"commune-de-solenzo-lecole-primaire-publique-a-de-dira-incendiee-par-des-groupes-armes","status":"publish","type":"post","link":"https:\/\/linitiative.ca\/International\/commune-de-solenzo-lecole-primaire-publique-a-de-dira-incendiee-par-des-groupes-armes\/","title":{"rendered":"Commune de Solenzo\u00a0: l\u2019\u00e9cole primaire publique A de Dira incendi\u00e9e par des groupes arm\u00e9s"},"content":{"rendered":"<div>\n<p>La population du village de Dira dans la commune de Solenzo a \u00e9t\u00e9 alert\u00e9e par un feu d\u2019incendie \u00e0 l\u2019\u00e9cole primaire dans la nuit du jeudi 5 au vendredi 6 mai 2022.<\/p>\n<p>Selon les informations de sources locales, des hommes arm\u00e9s non identifi\u00e9s (HANI) ont fait irruption dans le village, situ\u00e9 \u00e0 20 km de Solenzo, et ont incendi\u00e9 l\u2019\u00e9cole primaire publique A avant de rebrousser chemin.<\/p>\n<p>Selon la source, la population s\u2019est mobilis\u00e9e pour \u00e9teindre le feu apr\u00e8s le d\u00e9part des HANI. Contre toute attente, les hommes arm\u00e9s sont revenus ce vendredi 6 mai, pour menacer la population pour avoir tent\u00e9 d\u2019\u00e9teindre le feu.<\/p>\n<p>Ce m\u00eame village de Dira avait re\u00e7u la visite d\u2019hommes arm\u00e9s le lundi 28 mars dernier, selon l\u2019Agence d\u2019information du Burkina (AIB).<\/p>\n<p>Ce jour, ils avaient emport\u00e9 des vivres de l\u2019\u00e9cole primaire et saccag\u00e9 le CEG du village, rapporte l\u2019Agence.<\/p>\n<p style=\"text-align: right\"><strong>Sidwaya.info<\/strong><\/p>\n<\/div>\n<p>Auteur: Wamini SIDWAYA<br \/>\n<a href=\"https:\/\/www.sidwaya.info\/blog\/2022\/05\/06\/commune-de-solenzo-lecole-primaire-publique-a-de-dira-incendiee\/\">Cliquez ici pour lire l&rsquo;article depuis sa source.<\/a><\/p>\n","protected":false},"excerpt":{"rendered":"<p>La population du village de Dira dans la commune de Solenzo a \u00e9t\u00e9 alert\u00e9e par un feu d\u2019incendie \u00e0 l\u2019\u00e9cole primaire dans la nuit du jeudi 5 au vendredi 6 mai 2022. Selon les informations de sources locales, des hommes arm\u00e9s non identifi\u00e9s (HANI) ont fait irruption dans le village, situ\u00e9 \u00e0 20 km de [&hellip;]<\/p>\n","protected":false},"author":1816,"featured_media":0,"comment_status":"closed","ping_status":"closed","sticky":false,"template":"","format":"standard","meta":{"fifu_image_url":"","fifu_image_alt":"","footnotes":""},"categories":[73,81],"tags":[],"class_list":["post-147125","post","type-post","status-publish","format-standard","hentry","category-actualite","category-burkina-faso"],"_links":{"self":[{"href":"https:\/\/linitiative.ca\/International\/wp-json\/wp\/v2\/posts\/147125","targetHints":{"allow":["GET"]}}],"collection":[{"href":"https:\/\/linitiative.ca\/International\/wp-json\/wp\/v2\/posts"}],"about":[{"href":"https:\/\/linitiative.ca\/International\/wp-json\/wp\/v2\/types\/post"}],"author":[{"embeddable":true,"href":"https:\/\/linitiative.ca\/International\/wp-json\/wp\/v2\/users\/1816"}],"replies":[{"embeddable":true,"href":"https:\/\/linitiative.ca\/International\/wp-json\/wp\/v2\/comments?post=147125"}],"version-history":[{"count":0,"href":"https:\/\/linitiative.ca\/International\/wp-json\/wp\/v2\/posts\/147125\/revisions"}],"wp:attachment":[{"href":"https:\/\/linitiative.ca\/International\/wp-json\/wp\/v2\/media?parent=147125"}],"wp:term":[{"taxonomy":"category","embeddable":true,"href":"https:\/\/linitiative.ca\/International\/wp-json\/wp\/v2\/categories?post=147125"},{"taxonomy":"post_tag","embeddable":true,"href":"https:\/\/linitiative.ca\/International\/wp-json\/wp\/v2\/tags?post=147125"}],"curies":[{"name":"wp","href":"https:\/\/api.w.org\/{rel}","templated":true}]}}