{"id":147129,"date":"2022-05-06T12:20:58","date_gmt":"2022-05-06T16:20:58","guid":{"rendered":"https:\/\/linitiative.ca\/International\/senegal-douze-mois-de-prison-requis-contre-4-sages-femmes-accusees-de-non-assistance-a-personne-en-danger\/"},"modified":"2022-05-06T12:20:58","modified_gmt":"2022-05-06T16:20:58","slug":"senegal-douze-mois-de-prison-requis-contre-4-sages-femmes-accusees-de-non-assistance-a-personne-en-danger","status":"publish","type":"post","link":"https:\/\/linitiative.ca\/International\/senegal-douze-mois-de-prison-requis-contre-4-sages-femmes-accusees-de-non-assistance-a-personne-en-danger\/","title":{"rendered":"S\u00e9n\u00e9gal : douze mois de prison requis contre 4 sages-femmes accus\u00e9es de \u00ab\u00a0non-assistance \u00e0 personne en danger\u00a0\u00bb"},"content":{"rendered":"<div>\n<p>Six sages-femmes s\u00e9n\u00e9galaises sont devant la justice de leur pays depuis hier jeudi 5 mai pour \u00ab\u00a0non-assistance \u00e0 personne en danger\u00a0\u00bb, parce qu\u2019une femme enceinte de 9 mois, Astou Sokhna, est d\u00e9c\u00e9d\u00e9e en couches \u00e0 l\u2019h\u00f4pital de Louga \u00e0 environ 200 km de Dakar.<\/p>\n<p>Alors que le procureur a demand\u00e9 une application \u00ab\u00a0bienveillante\u00a0\u00bb de la loi et requis la peine de douze mois de prison dont un mois ferme pour quatre sages-femmes et la relaxe pour les deux autres, les avocats du mari et de la m\u00e8re de la victime, au contraire, ont demand\u00e9 un jugement \u00ab\u00a0pour l\u2019exemple\u00a0\u00bb.<\/p>\n<p>\u00ab\u00a0Astou Sokhna souffrait de douleurs terribles, puis des difficult\u00e9s respiratoires et personne n\u2019est venu la voir entre 17h et 22h. Hippocrate n\u2019est pas hypocrite\u00a0\u00bb, a lanc\u00e9 l\u2019un des avocats des plaignants en r\u00e9f\u00e9rence au serment des soignants pour prot\u00e9ger les patients.<\/p>\n<p>\u00ab\u00a0Les propos d\u00e9gradants dans les maternit\u00e9s du S\u00e9n\u00e9gal, \u00e7a suffit\u00a0\u00bb, a rench\u00e9ri un autre avocat des parties civiles, qui a appel\u00e9 les sages-femmes du pays \u00e0 faire leur introspection \u00ab\u00a0pour changer leur comportement et faire preuve d\u2019humanisme\u00a0\u00bb. La famille de la d\u00e9funte d\u00e9nonce des n\u00e9gligences du personnel de la maternit\u00e9.<\/p>\n<p>Mais pour la d\u00e9fense, ces poursuites sont injustes. Selon leur avocat, elles se sentent elles aussi victimes et affirment avoir suivi le protocole m\u00e9dical pour la prise en charge de la victime.<\/p>\n<p>Ag\u00e9e d\u2019une trentaine d\u2019ann\u00e9es, Astou Sokhna est d\u00e9c\u00e9d\u00e9e quelques heures apr\u00e8s son arriv\u00e9e dans ce centre de sant\u00e9 alors qu\u2019elle a demand\u00e9 en vain une c\u00e9sarienne. Selon des sources locales, le personnel de l\u2019\u00e9tablissement aurait refus\u00e9 sa requ\u00eate et menac\u00e9 de la chasser si elle insistait.<\/p>\n<p>Cette trag\u00e9die a \u00e9mu tout le S\u00e9n\u00e9gal et provoqu\u00e9 un toll\u00e9 dans le pays avec une avalanche de t\u00e9moignages sur des cas similaires. Des organisations ont lanc\u00e9 une p\u00e9tition et tenu des manifestations pour r\u00e9clamer justice.<\/p>\n<p>Mais de leur c\u00f4t\u00e9, l\u2019Association nationale des sages-femmes du S\u00e9n\u00e9gal, qui est mobilis\u00e9e pour soutenir ses coll\u00e8gues, ainsi que plusieurs syndicats de professionnels de sant\u00e9 ont lanc\u00e9 un nouveau mot d\u2019ordre de gr\u00e8ve pour marquer leur solidarit\u00e9.<\/p>\n<p style=\"text-align: right\"><strong>Sidwaya.info<\/strong><\/p>\n<p style=\"text-align: right\"><strong>Source : africanews.com et rfi.fr<\/strong><\/p>\n<\/div>\n<p>Auteur: Wamini SIDWAYA<br \/>\n<a href=\"https:\/\/www.sidwaya.info\/blog\/2022\/05\/06\/senegal-douze-mois-de-prison-contre-4-sages-femmes-accusees-de-non-assistance-a-personne-en-danger\/\">Cliquez ici pour lire l&rsquo;article depuis sa source.<\/a><\/p>\n","protected":false},"excerpt":{"rendered":"<p>Six sages-femmes s\u00e9n\u00e9galaises sont devant la justice de leur pays depuis hier jeudi 5 mai pour \u00ab\u00a0non-assistance \u00e0 personne en danger\u00a0\u00bb, parce qu\u2019une femme enceinte de 9 mois, Astou Sokhna, est d\u00e9c\u00e9d\u00e9e en couches \u00e0 l\u2019h\u00f4pital de Louga \u00e0 environ 200 km de Dakar. Alors que le procureur a demand\u00e9 une application \u00ab\u00a0bienveillante\u00a0\u00bb de la [&hellip;]<\/p>\n","protected":false},"author":1816,"featured_media":0,"comment_status":"closed","ping_status":"closed","sticky":false,"template":"","format":"standard","meta":{"fifu_image_url":"","fifu_image_alt":"","footnotes":""},"categories":[73,81],"tags":[],"class_list":["post-147129","post","type-post","status-publish","format-standard","hentry","category-actualite","category-burkina-faso"],"_links":{"self":[{"href":"https:\/\/linitiative.ca\/International\/wp-json\/wp\/v2\/posts\/147129","targetHints":{"allow":["GET"]}}],"collection":[{"href":"https:\/\/linitiative.ca\/International\/wp-json\/wp\/v2\/posts"}],"about":[{"href":"https:\/\/linitiative.ca\/International\/wp-json\/wp\/v2\/types\/post"}],"author":[{"embeddable":true,"href":"https:\/\/linitiative.ca\/International\/wp-json\/wp\/v2\/users\/1816"}],"replies":[{"embeddable":true,"href":"https:\/\/linitiative.ca\/International\/wp-json\/wp\/v2\/comments?post=147129"}],"version-history":[{"count":0,"href":"https:\/\/linitiative.ca\/International\/wp-json\/wp\/v2\/posts\/147129\/revisions"}],"wp:attachment":[{"href":"https:\/\/linitiative.ca\/International\/wp-json\/wp\/v2\/media?parent=147129"}],"wp:term":[{"taxonomy":"category","embeddable":true,"href":"https:\/\/linitiative.ca\/International\/wp-json\/wp\/v2\/categories?post=147129"},{"taxonomy":"post_tag","embeddable":true,"href":"https:\/\/linitiative.ca\/International\/wp-json\/wp\/v2\/tags?post=147129"}],"curies":[{"name":"wp","href":"https:\/\/api.w.org\/{rel}","templated":true}]}}