{"id":147130,"date":"2022-05-06T13:50:06","date_gmt":"2022-05-06T17:50:06","guid":{"rendered":"https:\/\/linitiative.ca\/International\/cote-divoire-le-commandant-abdoulaye-fofana-un-ex-proche-de-guillaume-soro-arrete-a-abidjan\/"},"modified":"2022-05-06T13:50:06","modified_gmt":"2022-05-06T17:50:06","slug":"cote-divoire-le-commandant-abdoulaye-fofana-un-ex-proche-de-guillaume-soro-arrete-a-abidjan","status":"publish","type":"post","link":"https:\/\/linitiative.ca\/International\/cote-divoire-le-commandant-abdoulaye-fofana-un-ex-proche-de-guillaume-soro-arrete-a-abidjan\/","title":{"rendered":"C\u00f4te d\u2019Ivoire : Le commandant Abdoulaye Fofana, un ex-proche de Guillaume Soro, arr\u00eat\u00e9 \u00e0 Abidjan"},"content":{"rendered":"<div>\n<p>Un proche de l\u2019ex-Premier ministre ivoirien Guillaume Soro, a \u00e9t\u00e9 arr\u00eat\u00e9 \u00e0 Abidjan.<\/p>\n<p>\u00ab\u00a0<em>Le commandant Abdoulaye Fofana, l\u2019ex-aide de camp de Guillaume Soro, a \u00e9t\u00e9 arr\u00eat\u00e9 et est d\u00e9tenu dans les locaux de la gendarmerie d\u2019Agban \u00e0 Abidjan<\/em>\u00a0\u00bb, a annonc\u00e9 l\u2019ancien chef de la communication de Guillaume Soro, Moussa Tour\u00e9 qui pr\u00e9cise que le commandant Fofana \u00ab\u00a0<em>n\u2019\u00e9tait plus en contact avec le camp de l\u2019ex-premier ministre depuis avril 2021<\/em>\u00a0\u00bb.<\/p>\n<p>La justice ivoirienne avait lanc\u00e9 un mandat d\u2019arr\u00eat contre lui en 2021 pour \u00ab<em>\u00a0troubles \u00e0 l\u2019ordre public et port ill\u00e9gal du treillis\u00a0<\/em>\u00bb apr\u00e8s ses nombreuses d\u00e9clarations sur les r\u00e9seaux sociaux appelant \u00e0 une mutinerie des soldats en C\u00f4te d\u2019Ivoire.<\/p>\n<p>Guillaume Soro qui vit en exil a \u00e9t\u00e9 condamn\u00e9 \u00e0 la mi-juillet 2021 par contumace, \u00e0 la prison \u00e0 perp\u00e9tuit\u00e9 pour \u00ab\u00a0<em>atteinte \u00e0 la s\u00fbret\u00e9 de l\u2019\u00c9tat<\/em>\u00a0\u00bb, de \u00ab\u00a0<em>complot<\/em>\u00a0\u00bb, \u00ab\u00a0<em>tentative d\u2019atteinte contre l\u2019autorit\u00e9 de l\u2019\u00c9tat<\/em>\u00a0\u00bb.<\/p>\n<p>Guillaume Soro \u00e9tait devenu le premier chef du gouvernement d\u2019Alassane Ouattara, puis avait \u00e9t\u00e9 nomm\u00e9 en 2012 pr\u00e9sident de l\u2019Assembl\u00e9e nationale, poste qu\u2019il a occup\u00e9 jusqu\u2019en 2019. En avril 2020, il avait d\u00e9j\u00e0 \u00e9t\u00e9 condamn\u00e9 \u00e0 20 ans de prison pour recel de d\u00e9tournement de deniers publics pour avoir tent\u00e9, selon la justice, de s\u2019approprier une r\u00e9sidence achet\u00e9e par l\u2019\u00c9tat pour le loger lorsqu\u2019il \u00e9tait Premier ministre. Cette condamnation avait justifi\u00e9 l\u2019invalidation de sa candidature \u00e0 la pr\u00e9sidentielle d\u2019octobre 2020.<\/p>\n<p style=\"text-align: right\"><strong>Sidwaya.info<\/strong><\/p>\n<p style=\"text-align: right\"><strong>Source\u00a0: africanews.com<\/strong><\/p>\n<\/div>\n<p>Auteur: Wamini SIDWAYA<br \/>\n<a href=\"https:\/\/www.sidwaya.info\/blog\/2022\/05\/06\/cote-divoire-le-commandant-abdoulaye-fofana-un-ex-proche-de-guillaume-soro-arrete-a-abidjan\/\">Cliquez ici pour lire l&rsquo;article depuis sa source.<\/a><\/p>\n","protected":false},"excerpt":{"rendered":"<p>Un proche de l\u2019ex-Premier ministre ivoirien Guillaume Soro, a \u00e9t\u00e9 arr\u00eat\u00e9 \u00e0 Abidjan. \u00ab\u00a0Le commandant Abdoulaye Fofana, l\u2019ex-aide de camp de Guillaume Soro, a \u00e9t\u00e9 arr\u00eat\u00e9 et est d\u00e9tenu dans les locaux de la gendarmerie d\u2019Agban \u00e0 Abidjan\u00a0\u00bb, a annonc\u00e9 l\u2019ancien chef de la communication de Guillaume Soro, Moussa Tour\u00e9 qui pr\u00e9cise que le commandant [&hellip;]<\/p>\n","protected":false},"author":1816,"featured_media":0,"comment_status":"closed","ping_status":"closed","sticky":false,"template":"","format":"standard","meta":{"fifu_image_url":"","fifu_image_alt":"","footnotes":""},"categories":[73,81],"tags":[],"class_list":["post-147130","post","type-post","status-publish","format-standard","hentry","category-actualite","category-burkina-faso"],"_links":{"self":[{"href":"https:\/\/linitiative.ca\/International\/wp-json\/wp\/v2\/posts\/147130","targetHints":{"allow":["GET"]}}],"collection":[{"href":"https:\/\/linitiative.ca\/International\/wp-json\/wp\/v2\/posts"}],"about":[{"href":"https:\/\/linitiative.ca\/International\/wp-json\/wp\/v2\/types\/post"}],"author":[{"embeddable":true,"href":"https:\/\/linitiative.ca\/International\/wp-json\/wp\/v2\/users\/1816"}],"replies":[{"embeddable":true,"href":"https:\/\/linitiative.ca\/International\/wp-json\/wp\/v2\/comments?post=147130"}],"version-history":[{"count":0,"href":"https:\/\/linitiative.ca\/International\/wp-json\/wp\/v2\/posts\/147130\/revisions"}],"wp:attachment":[{"href":"https:\/\/linitiative.ca\/International\/wp-json\/wp\/v2\/media?parent=147130"}],"wp:term":[{"taxonomy":"category","embeddable":true,"href":"https:\/\/linitiative.ca\/International\/wp-json\/wp\/v2\/categories?post=147130"},{"taxonomy":"post_tag","embeddable":true,"href":"https:\/\/linitiative.ca\/International\/wp-json\/wp\/v2\/tags?post=147130"}],"curies":[{"name":"wp","href":"https:\/\/api.w.org\/{rel}","templated":true}]}}