{"id":147131,"date":"2022-05-06T12:18:03","date_gmt":"2022-05-06T16:18:03","guid":{"rendered":"https:\/\/linitiative.ca\/International\/la-fao-va-presenter-des-solutions-a-la-cop-15-a-abidjan\/"},"modified":"2022-05-06T12:18:03","modified_gmt":"2022-05-06T16:18:03","slug":"la-fao-va-presenter-des-solutions-a-la-cop-15-a-abidjan","status":"publish","type":"post","link":"https:\/\/linitiative.ca\/International\/la-fao-va-presenter-des-solutions-a-la-cop-15-a-abidjan\/","title":{"rendered":"La FAO va pr\u00e9senter des \u00ab solutions \u00bb \u00e0 la COP 15 \u00e0 Abidjan"},"content":{"rendered":"<div>\n<p>L\u2019Organisation des Nations unies pour l\u2019alimentation et l\u2019agriculture (FAO) pr\u00e9sentera, \u00e0 travers son stand anim\u00e9 par des experts, des \u00ab solutions \u00bb \u00e0 la COP15.La capitale \u00e9conomique ivoirienne, Abidjan, accueille du 09 au 20 mai 2022, la 15e Conf\u00e9rence des parties (COP) sur la lutte contre la d\u00e9sertification et la s\u00e9cheresse, un \u00e9v\u00e8nement qui verra la participation de chefs d\u2019Etats et d\u2019organisations internationales.<\/p>\n<p>Une importante d\u00e9l\u00e9gation de la FAO conduite par sa directrice g\u00e9n\u00e9rale adjointe, Maria Helena Semedo, prendra part \u00e0 cette rencontre.<\/p>\n<p>La COP15 dont le th\u00e8me est \u00ab Terre, vie, patrimoine, d\u2019un monde pr\u00e9caire vers un avenir prosp\u00e8re \u00bb, r\u00e9unira des dirigeants de gouvernements, du secteur priv\u00e9, de la soci\u00e9t\u00e9 civile et d\u2019autres parties prenantes pour faire progresser la future gestion durable de la plan\u00e8te.<\/p>\n<p>La FAO pr\u00e9sentera, \u00e0 ce rendez-vous mondial qui r\u00e9unira plus d\u2019une vingtaine de chefs d\u2019Etat et des d\u00e9l\u00e9gations venues de 197 pays, ses \u00ab solutions \u00bb dans la lutte contre la d\u00e9gradation des sols, la d\u00e9sertification et la s\u00e9cheresse.<\/p>\n<p>Mme Maria Helena Semedo lancera officiellement, mardi 10 mai, le guide technique FAO-UNCCD sur l\u2019int\u00e9gration des directives volontaires pour une gouvernance responsable des r\u00e9gimes fonciers applicables aux terres et aux p\u00eaches.<\/p>\n<p>Ce guide prend \u00e9galement en compte la gouvernance des for\u00eats dans le contexte de la s\u00e9curit\u00e9 alimentaire nationale, dans la mise en \u0153uvre de la Convention des Nations unies sur la lutte contre la d\u00e9sertification et la neutralit\u00e9 en mati\u00e8re de d\u00e9gradation des terres.<\/p>\n<p>Il est en outre pr\u00e9vu, \u00e0 l\u2019occasion de la COP 15, la pr\u00e9sentation du rapport sur l\u2019\u00e9tat des ressources en terre et en eau pour l\u2019alimentation et l\u2019agriculture dans le monde : des syst\u00e8mes au bord de la rupture.<\/p>\n<p>La pr\u00e9sentation de ce rapport sera suivie de la signature entre la FAO et le minist\u00e8re d\u2019Etat, minist\u00e8re ivoirien de l\u2019Agriculture et du D\u00e9veloppement rural du projet \u00ab Mise \u00e0 l\u2019\u00e9chelle des innovations transformatrices en mati\u00e8re de syst\u00e8mes alimentaires, d\u2019utilisation des terres et de restauration \u00e0 base de cacao en C\u00f4te d\u2019Ivoire (SCOLUR-CI) \u00bb financ\u00e9 par le Fonds pour l\u2019Environnement Mondial (GEF-FOLUR).<\/p>\n<p>Ce projet vise \u00e0 promouvoir des fili\u00e8res cacao sans d\u00e9forestation et restaurer les paysages d\u00e9grad\u00e9s de for\u00eats cacaoy\u00e8res en C\u00f4te d\u2019Ivoire. Parall\u00e8lement au d\u00e9veloppement de syst\u00e8mes int\u00e9gr\u00e9s de planification et de gestion des paysages, le projet d\u00e9veloppera et testera une gamme de solutions techniques aux probl\u00e8mes d\u2019intensification durable du cacao et de restauration des terres agricoles et foresti\u00e8res.<\/p>\n<p>Par ailleurs, plusieurs experts de la FAO animeront des panels et participeront \u00e0 des activit\u00e9s parall\u00e8les en lien avec les th\u00e9matiques de la COP15. Au cours de leurs diff\u00e9rentes interventions, ils partageront les \u00ab solutions \u00bb de la FAO au plan mondial pour lutter efficacement contre la d\u00e9gradation des sols, la d\u00e9sertification et la s\u00e9cheresse.<\/p>\n<p>Ces solutions visent, entre autres, \u00e0 assurer la s\u00e9curit\u00e9 alimentaire, \u00e0 promouvoir la planification int\u00e9gr\u00e9e et la gestion durable des terres, ainsi que les restaurations des terres d\u00e9grad\u00e9es et des sols appauvris, \u00e0 promouvoir des actions pr\u00e9ventives et proactives face \u00e0 la s\u00e9cheresse.<\/p>\n<p>L\u2019organisation envisage de s\u2019appuyer sur les conclusions de la deuxi\u00e8me \u00e9dition des Perspectives fonci\u00e8res mondiales afin d\u2019offrir une r\u00e9ponse concr\u00e8te aux d\u00e9fis interconnect\u00e9s de la d\u00e9gradation des terres, du changement climatique et de la perte de la biodiversit\u00e9.<\/p>\n<p>Le monde entier entre dans la d\u00e9cennie des Nations unies pour la restauration des \u00e9cosyst\u00e8mes. De la COP15 sortira le Programme h\u00e9ritage dit \u00ab Initiative d\u2019Abidjan \u00bb ou \u00ab Abidjan Legacy Program \u00bb d\u2019une valeur de 1,5 milliard de dollars en vue de promouvoir des actions amplifi\u00e9es sur les cinq prochaines ann\u00e9es.<\/p>\n<p>La s\u00e9cheresse, la restauration des terres et les catalyseurs connexes tels que les droits fonciers, l\u2019\u00e9galit\u00e9 des sexes et l\u2019autonomisation des jeunes figurent parmi les principaux points \u00e0 l\u2019ordre du jour de la Conf\u00e9rence internationale.<\/p>\n<p>Gr\u00e2ce \u00e0 ses d\u00e9cisions adopt\u00e9es par les 197 Parties \u00e0 la CNULCD, la COP15 devrait galvaniser des solutions durables pour la restauration des terres et la r\u00e9silience \u00e0 la s\u00e9cheresse, en mettant fortement l\u2019accent sur l\u2019utilisation des terres \u00e0 l\u2019\u00e9preuve du temps.<\/p>\n<p>Cet article <a rel=\"nofollow\" href=\"https:\/\/www.journalducameroun.com\/la-fao-va-presenter-des-solutions-a-la-cop-15-a-abidjan\/\">La FAO va pr\u00e9senter des \u00ab solutions \u00bb \u00e0 la COP 15 \u00e0 Abidjan<\/a> est apparu en premier sur <a rel=\"nofollow\" href=\"https:\/\/www.journalducameroun.com\/\">Journal du Cameroun<\/a>.<\/p>\n<\/div>\n<p>Auteur: APA News<br \/>\n<a href=\"https:\/\/www.journalducameroun.com\/la-fao-va-presenter-des-solutions-a-la-cop-15-a-abidjan\/\">Cliquez ici pour lire l&rsquo;article depuis sa source.<\/a><\/p>\n","protected":false},"excerpt":{"rendered":"<p>L\u2019Organisation des Nations unies pour l\u2019alimentation et l\u2019agriculture (FAO) pr\u00e9sentera, \u00e0 travers son stand anim\u00e9 par des experts, des \u00ab solutions \u00bb \u00e0 la COP15.La capitale \u00e9conomique ivoirienne, Abidjan, accueille du 09 au 20 mai 2022, la 15e Conf\u00e9rence des parties (COP) sur la lutte contre la d\u00e9sertification et la s\u00e9cheresse, un \u00e9v\u00e8nement qui verra [&hellip;]<\/p>\n","protected":false},"author":1965,"featured_media":0,"comment_status":"closed","ping_status":"closed","sticky":false,"template":"","format":"standard","meta":{"fifu_image_url":"","fifu_image_alt":"","footnotes":""},"categories":[73,82],"tags":[],"class_list":["post-147131","post","type-post","status-publish","format-standard","hentry","category-actualite","category-cameroun"],"_links":{"self":[{"href":"https:\/\/linitiative.ca\/International\/wp-json\/wp\/v2\/posts\/147131","targetHints":{"allow":["GET"]}}],"collection":[{"href":"https:\/\/linitiative.ca\/International\/wp-json\/wp\/v2\/posts"}],"about":[{"href":"https:\/\/linitiative.ca\/International\/wp-json\/wp\/v2\/types\/post"}],"author":[{"embeddable":true,"href":"https:\/\/linitiative.ca\/International\/wp-json\/wp\/v2\/users\/1965"}],"replies":[{"embeddable":true,"href":"https:\/\/linitiative.ca\/International\/wp-json\/wp\/v2\/comments?post=147131"}],"version-history":[{"count":0,"href":"https:\/\/linitiative.ca\/International\/wp-json\/wp\/v2\/posts\/147131\/revisions"}],"wp:attachment":[{"href":"https:\/\/linitiative.ca\/International\/wp-json\/wp\/v2\/media?parent=147131"}],"wp:term":[{"taxonomy":"category","embeddable":true,"href":"https:\/\/linitiative.ca\/International\/wp-json\/wp\/v2\/categories?post=147131"},{"taxonomy":"post_tag","embeddable":true,"href":"https:\/\/linitiative.ca\/International\/wp-json\/wp\/v2\/tags?post=147131"}],"curies":[{"name":"wp","href":"https:\/\/api.w.org\/{rel}","templated":true}]}}