{"id":147132,"date":"2022-05-06T13:18:03","date_gmt":"2022-05-06T17:18:03","guid":{"rendered":"https:\/\/linitiative.ca\/International\/conflit-ukrainien-le-pam-craint-une-famine-en-afrique-de-lest\/"},"modified":"2022-05-06T13:18:03","modified_gmt":"2022-05-06T17:18:03","slug":"conflit-ukrainien-le-pam-craint-une-famine-en-afrique-de-lest","status":"publish","type":"post","link":"https:\/\/linitiative.ca\/International\/conflit-ukrainien-le-pam-craint-une-famine-en-afrique-de-lest\/","title":{"rendered":"Conflit Ukrainien : le Pam craint une famine en Afrique de l\u2019Est"},"content":{"rendered":"<div>\n<p><img decoding=\"async\" width=\"274\" height=\"184\" src=\"https:\/\/linitiative.ca\/International\/wp-content\/uploads\/sites\/23\/2022\/05\/16518574838243.jpg\" class=\"attachment-post-thumbnail size-post-thumbnail wp-post-image\" alt=\"\" loading=\"lazy\"><\/p>\n<p>L&rsquo;inflation cons\u00e9cutive \u00e0 la crise ukrainienne pourrait accentuer la faim aigu\u00eb en Afrique de l&rsquo;Est.La guerre entre la Russie et l&rsquo;Ukraine a eu un impact n\u00e9gatif sur la s\u00e9curit\u00e9 alimentaire de l&rsquo;Afrique de l&rsquo;Est car r\u00e9duisant l&rsquo;approvisionnement en nourriture et augmentant les prix des aliments, du carburant et des engrais, a d\u00e9clar\u00e9 le Programme alimentaire mondial (Pam).<\/p>\n<p>Les restrictions \u00e0 l&rsquo;exportation de c\u00e9r\u00e9ales, d&rsquo;huiles v\u00e9g\u00e9tales et d&rsquo;engrais se sont accentu\u00e9es depuis le d\u00e9but du conflit, leur ampleur ayant atteint les niveaux de la crise alimentaire mondiale de 2008, selon l&rsquo;organisme onusien dans sa derni\u00e8re mise \u00e0 jour de la situation de la s\u00e9curit\u00e9 alimentaire en Afrique de l&rsquo;Est.<\/p>\n<p>Soulignant la forte d\u00e9pendance de cette r\u00e9gion des importations de denr\u00e9es alimentaires et d&rsquo;engrais, le Pam a indiqu\u00e9 que la crise ukrainienne pourrait exacerber la situation d\u00e9j\u00e0 d\u00e9sastreuse de la s\u00e9curit\u00e9 alimentaire dans cette partie du continent africain, o\u00f9 l&rsquo;inflation cons\u00e9cutive \u00e0 la crise ukrainienne pourrait plonger 7 \u00e0 10 millions de personnes suppl\u00e9mentaires dans une situation de faim aigu\u00eb.<\/p>\n<p>\u00ab La r\u00e9gion a d\u00e9j\u00e0 connu d&rsquo;importantes hausses des prix du bl\u00e9, du pain, du carburant et des engrais, ainsi que des p\u00e9nuries g\u00e9n\u00e9ralis\u00e9es de carburant, les pays les plus touch\u00e9s \u00e9tant le Kenya, la Somalie, l&rsquo;Ouganda, l&rsquo;\u00c9thiopie, le Soudan du Sud et le Burundi \u00bb, a soulign\u00e9 le Pam.<\/p>\n<p>Cet article <a rel=\"nofollow\" href=\"https:\/\/www.journalducameroun.com\/conflit-ukrainien-le-pam-craint-une-famine-en-afrique-de-lest\/\">Conflit Ukrainien : le Pam craint une famine en Afrique de l\u2019Est<\/a> est apparu en premier sur <a rel=\"nofollow\" href=\"https:\/\/www.journalducameroun.com\/\">Journal du Cameroun<\/a>.<\/p>\n<\/div>\n<p>Auteur: APA News<br \/>\n<a href=\"https:\/\/www.journalducameroun.com\/conflit-ukrainien-le-pam-craint-une-famine-en-afrique-de-lest\/\">Cliquez ici pour lire l&rsquo;article depuis sa source.<\/a><\/p>\n","protected":false},"excerpt":{"rendered":"<p>L&rsquo;inflation cons\u00e9cutive \u00e0 la crise ukrainienne pourrait accentuer la faim aigu\u00eb en Afrique de l&rsquo;Est.La guerre entre la Russie et l&rsquo;Ukraine a eu un impact n\u00e9gatif sur la s\u00e9curit\u00e9 alimentaire de l&rsquo;Afrique de l&rsquo;Est car r\u00e9duisant l&rsquo;approvisionnement en nourriture et augmentant les prix des aliments, du carburant et des engrais, a d\u00e9clar\u00e9 le Programme alimentaire [&hellip;]<\/p>\n","protected":false},"author":1965,"featured_media":0,"comment_status":"closed","ping_status":"closed","sticky":false,"template":"","format":"standard","meta":{"fifu_image_url":"https:\/\/www.journalducameroun.com\/wp-content\/uploads\/2022\/05\/16518574838243.jpg","fifu_image_alt":"Conflit Ukrainien : le Pam craint une famine en Afrique de l\u2019Est","footnotes":""},"categories":[73,82],"tags":[],"class_list":["post-147132","post","type-post","status-publish","format-standard","hentry","category-actualite","category-cameroun"],"_links":{"self":[{"href":"https:\/\/linitiative.ca\/International\/wp-json\/wp\/v2\/posts\/147132","targetHints":{"allow":["GET"]}}],"collection":[{"href":"https:\/\/linitiative.ca\/International\/wp-json\/wp\/v2\/posts"}],"about":[{"href":"https:\/\/linitiative.ca\/International\/wp-json\/wp\/v2\/types\/post"}],"author":[{"embeddable":true,"href":"https:\/\/linitiative.ca\/International\/wp-json\/wp\/v2\/users\/1965"}],"replies":[{"embeddable":true,"href":"https:\/\/linitiative.ca\/International\/wp-json\/wp\/v2\/comments?post=147132"}],"version-history":[{"count":0,"href":"https:\/\/linitiative.ca\/International\/wp-json\/wp\/v2\/posts\/147132\/revisions"}],"wp:attachment":[{"href":"https:\/\/linitiative.ca\/International\/wp-json\/wp\/v2\/media?parent=147132"}],"wp:term":[{"taxonomy":"category","embeddable":true,"href":"https:\/\/linitiative.ca\/International\/wp-json\/wp\/v2\/categories?post=147132"},{"taxonomy":"post_tag","embeddable":true,"href":"https:\/\/linitiative.ca\/International\/wp-json\/wp\/v2\/tags?post=147132"}],"curies":[{"name":"wp","href":"https:\/\/api.w.org\/{rel}","templated":true}]}}