{"id":147134,"date":"2022-05-06T15:18:03","date_gmt":"2022-05-06T19:18:03","guid":{"rendered":"https:\/\/linitiative.ca\/International\/la-cote-divoire-carrefour-de-la-reflexion-sur-la-desertification\/"},"modified":"2022-05-06T15:18:03","modified_gmt":"2022-05-06T19:18:03","slug":"la-cote-divoire-carrefour-de-la-reflexion-sur-la-desertification","status":"publish","type":"post","link":"https:\/\/linitiative.ca\/International\/la-cote-divoire-carrefour-de-la-reflexion-sur-la-desertification\/","title":{"rendered":"La C\u00f4te d\u2019Ivoire, carrefour de la r\u00e9flexion sur la d\u00e9sertification"},"content":{"rendered":"<div>\n<p><img decoding=\"async\" width=\"800\" height=\"425\" src=\"https:\/\/linitiative.ca\/International\/wp-content\/uploads\/sites\/23\/2022\/05\/16518646836742.jpg\" class=\"attachment-post-thumbnail size-post-thumbnail wp-post-image\" alt=\"\" loading=\"lazy\" srcset=\"https:\/\/linitiative.ca\/International\/wp-content\/uploads\/sites\/23\/2022\/05\/16518646836742.jpg 800w, https:\/\/www.journalducameroun.com\/wp-content\/uploads\/2022\/05\/16518646836742-300x159.jpg 300w, https:\/\/www.journalducameroun.com\/wp-content\/uploads\/2022\/05\/16518646836742-768x408.jpg 768w, https:\/\/www.journalducameroun.com\/wp-content\/uploads\/2022\/05\/16518646836742-600x319.jpg 600w\" sizes=\"auto, (max-width: 800px) 100vw, 800px\"><\/p>\n<p>La 15e session de la Conf\u00e9rence des parties de la Convention des Nations Unies sur la lutte contre la d\u00e9sertification (COP15) s&rsquo;ouvre lundi prochain \u00e0 Abidjan avec la participation de 197 pays.La d\u00e9sertification est un probl\u00e8me global. Elle se d\u00e9finit comme \u00ab la d\u00e9gradation des terres dans les zones arides, semi-arides et subhumides s\u00e8ches\u00a0par suite de divers facteurs parmi lesquels les variations climatiques et les activit\u00e9s humaines \u00bb.<\/p>\n<p>Sur la plan\u00e8te, la d\u00e9sertification est la cause de la d\u00e9gradation de 12 millions d&rsquo;hectares de terres chaque ann\u00e9e. Ce ph\u00e9nom\u00e8ne concerne 40 % de la population mondiale. Aucun continent n&rsquo;est \u00e9pargn\u00e9. L&rsquo;Afrique, \u00e0 elle seule, perd 4 millions d&rsquo;hectares de for\u00eats par an.<\/p>\n<p>Du 9 au 20 mai 2022, la capitale \u00e9conomique ivoirienne va abriter des discussions internationales autour du th\u00e8me \u00ab Terre. La vie. H\u00e9ritage : de la raret\u00e9 \u00e0 la prosp\u00e9rit\u00e9 \u00bb. L&rsquo;id\u00e9e est de garantir la durabilit\u00e9 des terres pour les g\u00e9n\u00e9rations pr\u00e9sentes et futures.<\/p>\n<p>Au total, selon le Comit\u00e9 d&rsquo;organisation, 197 chefs d&rsquo;\u00c9tats et personnalit\u00e9s politiques participeront \u00e0 cet \u00e9v\u00e8nement. La d\u00e9sertification affecte les jeunes et les femmes. C&rsquo;est pourquoi, durant cette COP15, les impacts de la d\u00e9gradation des terres sur ces deux cat\u00e9gories seront \u00e9tudi\u00e9s en plus des probl\u00e9matiques de la formation professionnelle et de l&#8217;emploi.<\/p>\n<p>Un gender caucus, comprenez une r\u00e9union bas\u00e9e sur l&rsquo;approche genre, se d\u00e9roulera du 10 au 12 mai. Des femmes en vue, dont la premi\u00e8re pr\u00e9sidente de Finlande, Tarja Halonen et la Premi\u00e8re dame de C\u00f4te d&rsquo;Ivoire, Dominique Ouattara y sont attendues.<\/p>\n<p>La C\u00f4te d&rsquo;Ivoire, lors de la COP15, lancera l&rsquo;\u00ab Initiative d&rsquo;Abidjan \u00bb visant \u00e0 augmenter sa production agricole durable. Ce programme, port\u00e9 par le pr\u00e9sident Alassane Ouattara, a pour objectif de conduire plus rapidement le pays vers l&rsquo;autosuffisance alimentaire.<\/p>\n<p>Au niveau r\u00e9gional, l&rsquo;accent sera mis sur la promotion de mod\u00e8les de production durable du cacao \u00e0 travers une alliance avec les autres pays producteurs d&rsquo;Afrique (Cameroun, Ghana, Nigeria, Liberia et Togo) et le secteur priv\u00e9 pour investir dans le cacao produit de mani\u00e8re responsable.<\/p>\n<p>Pour Abou Bamba, pr\u00e9sident du Comit\u00e9 d&rsquo;organisation de la COP15, ce rendez-vous confirme le positionnement de la C\u00f4te d&rsquo;Ivoire comme un acteur international sur les questions de gouvernance climatique. \u00ab La COP15 a pour finalit\u00e9 de transformer la trajectoire du d\u00e9veloppement de la C\u00f4te d&rsquo;Ivoire au cours des 30 prochaines ann\u00e9es \u00bb, a-t-il soutenu.<\/p>\n<p>Cet article <a rel=\"nofollow\" href=\"https:\/\/www.journalducameroun.com\/la-cote-divoire-carrefour-de-la-reflexion-sur-la-desertification\/\">La C\u00f4te d\u2019Ivoire, carrefour de la r\u00e9flexion sur la d\u00e9sertification<\/a> est apparu en premier sur <a rel=\"nofollow\" href=\"https:\/\/www.journalducameroun.com\/\">Journal du Cameroun<\/a>.<\/p>\n<\/div>\n<p>Auteur: APA News<br \/>\n<a href=\"https:\/\/www.journalducameroun.com\/la-cote-divoire-carrefour-de-la-reflexion-sur-la-desertification\/\">Cliquez ici pour lire l&rsquo;article depuis sa source.<\/a><\/p>\n","protected":false},"excerpt":{"rendered":"<p>La 15e session de la Conf\u00e9rence des parties de la Convention des Nations Unies sur la lutte contre la d\u00e9sertification (COP15) s&rsquo;ouvre lundi prochain \u00e0 Abidjan avec la participation de 197 pays.La d\u00e9sertification est un probl\u00e8me global. Elle se d\u00e9finit comme \u00ab la d\u00e9gradation des terres dans les zones arides, semi-arides et subhumides s\u00e8ches\u00a0par suite [&hellip;]<\/p>\n","protected":false},"author":1965,"featured_media":0,"comment_status":"closed","ping_status":"closed","sticky":false,"template":"","format":"standard","meta":{"fifu_image_url":"https:\/\/www.journalducameroun.com\/wp-content\/uploads\/2022\/05\/16518646836742.jpg","fifu_image_alt":"La C\u00f4te d\u2019Ivoire, carrefour de la r\u00e9flexion sur la d\u00e9sertification","footnotes":""},"categories":[73,82],"tags":[],"class_list":["post-147134","post","type-post","status-publish","format-standard","hentry","category-actualite","category-cameroun"],"_links":{"self":[{"href":"https:\/\/linitiative.ca\/International\/wp-json\/wp\/v2\/posts\/147134","targetHints":{"allow":["GET"]}}],"collection":[{"href":"https:\/\/linitiative.ca\/International\/wp-json\/wp\/v2\/posts"}],"about":[{"href":"https:\/\/linitiative.ca\/International\/wp-json\/wp\/v2\/types\/post"}],"author":[{"embeddable":true,"href":"https:\/\/linitiative.ca\/International\/wp-json\/wp\/v2\/users\/1965"}],"replies":[{"embeddable":true,"href":"https:\/\/linitiative.ca\/International\/wp-json\/wp\/v2\/comments?post=147134"}],"version-history":[{"count":0,"href":"https:\/\/linitiative.ca\/International\/wp-json\/wp\/v2\/posts\/147134\/revisions"}],"wp:attachment":[{"href":"https:\/\/linitiative.ca\/International\/wp-json\/wp\/v2\/media?parent=147134"}],"wp:term":[{"taxonomy":"category","embeddable":true,"href":"https:\/\/linitiative.ca\/International\/wp-json\/wp\/v2\/categories?post=147134"},{"taxonomy":"post_tag","embeddable":true,"href":"https:\/\/linitiative.ca\/International\/wp-json\/wp\/v2\/tags?post=147134"}],"curies":[{"name":"wp","href":"https:\/\/api.w.org\/{rel}","templated":true}]}}