{"id":147136,"date":"2022-05-06T16:18:04","date_gmt":"2022-05-06T20:18:04","guid":{"rendered":"https:\/\/linitiative.ca\/International\/kenya-acquitte-un-religieux-prolonge-son-sejour-en-prison\/"},"modified":"2022-05-06T16:18:04","modified_gmt":"2022-05-06T20:18:04","slug":"kenya-acquitte-un-religieux-prolonge-son-sejour-en-prison","status":"publish","type":"post","link":"https:\/\/linitiative.ca\/International\/kenya-acquitte-un-religieux-prolonge-son-sejour-en-prison\/","title":{"rendered":"Kenya : acquitt\u00e9, un religieux prolonge son s\u00e9jour en prison"},"content":{"rendered":"<div>\n<p><img decoding=\"async\" width=\"1280\" height=\"960\" src=\"https:\/\/linitiative.ca\/International\/wp-content\/uploads\/sites\/23\/2022\/05\/16518682844986.jpg\" class=\"attachment-post-thumbnail size-post-thumbnail wp-post-image\" alt=\"\" loading=\"lazy\" srcset=\"https:\/\/linitiative.ca\/International\/wp-content\/uploads\/sites\/23\/2022\/05\/16518682844986.jpg 1280w, https:\/\/www.journalducameroun.com\/wp-content\/uploads\/2022\/05\/16518682844986-300x225.jpg 300w, https:\/\/www.journalducameroun.com\/wp-content\/uploads\/2022\/05\/16518682844986-1024x768.jpg 1024w, https:\/\/www.journalducameroun.com\/wp-content\/uploads\/2022\/05\/16518682844986-768x576.jpg 768w, https:\/\/www.journalducameroun.com\/wp-content\/uploads\/2022\/05\/16518682844986-587x440.jpg 587w, https:\/\/www.journalducameroun.com\/wp-content\/uploads\/2022\/05\/16518682844986-600x450.jpg 600w\" sizes=\"auto, (max-width: 1280px) 100vw, 1280px\"><\/p>\n<p>Le Sheikh Guyo Gorsa Buru, craignant pour sa vie, a refus\u00e9 que la d\u00e9cision de sa lib\u00e9ration soit ex\u00e9cut\u00e9e.Un d\u00e9tenu pas press\u00e9 de retrouver la libert\u00e9. C&rsquo;est le cas du Sheikh Guyo Gorsa Buru, inculp\u00e9 en 2018 pour possession de mat\u00e9riels dangereux et affiliation \u00e0 la secte islamiste somalienne al-Shabaab.<\/p>\n<p>Quatre ans plus tard, la justice kenyane s&rsquo;est r\u00e9solue \u00e0 l&rsquo;acquitter car n&rsquo;ayant pas suffisamment de preuves compromettantes.\u00a0<\/p>\n<p>Contre toute attente, le Sheikh Guyo Gorsa Buru a exprim\u00e9 son souhait de rester \u00e0 la prison de Kamiti, pour au moins un mois suppl\u00e9mentaire, afin de ne pas \u00eatre tu\u00e9 ou enlev\u00e9. Cela est arriv\u00e9 \u00e0 d&rsquo;autres personnes accus\u00e9es de terrorisme dans le pays.<\/p>\n<p>Cet article <a rel=\"nofollow\" href=\"https:\/\/www.journalducameroun.com\/kenya-acquitte-un-religieux-prolonge-son-sejour-en-prison\/\">Kenya : acquitt\u00e9, un religieux prolonge son s\u00e9jour en prison<\/a> est apparu en premier sur <a rel=\"nofollow\" href=\"https:\/\/www.journalducameroun.com\/\">Journal du Cameroun<\/a>.<\/p>\n<\/div>\n<p>Auteur: APA News<br \/>\n<a href=\"https:\/\/www.journalducameroun.com\/kenya-acquitte-un-religieux-prolonge-son-sejour-en-prison\/\">Cliquez ici pour lire l&rsquo;article depuis sa source.<\/a><\/p>\n","protected":false},"excerpt":{"rendered":"<p>Le Sheikh Guyo Gorsa Buru, craignant pour sa vie, a refus\u00e9 que la d\u00e9cision de sa lib\u00e9ration soit ex\u00e9cut\u00e9e.Un d\u00e9tenu pas press\u00e9 de retrouver la libert\u00e9. C&rsquo;est le cas du Sheikh Guyo Gorsa Buru, inculp\u00e9 en 2018 pour possession de mat\u00e9riels dangereux et affiliation \u00e0 la secte islamiste somalienne al-Shabaab. Quatre ans plus tard, la [&hellip;]<\/p>\n","protected":false},"author":1965,"featured_media":0,"comment_status":"closed","ping_status":"closed","sticky":false,"template":"","format":"standard","meta":{"fifu_image_url":"https:\/\/www.journalducameroun.com\/wp-content\/uploads\/2022\/05\/16518682844986.jpg","fifu_image_alt":"Kenya : acquitt\u00e9, un religieux prolonge son s\u00e9jour en prison","footnotes":""},"categories":[73,82],"tags":[],"class_list":["post-147136","post","type-post","status-publish","format-standard","hentry","category-actualite","category-cameroun"],"_links":{"self":[{"href":"https:\/\/linitiative.ca\/International\/wp-json\/wp\/v2\/posts\/147136","targetHints":{"allow":["GET"]}}],"collection":[{"href":"https:\/\/linitiative.ca\/International\/wp-json\/wp\/v2\/posts"}],"about":[{"href":"https:\/\/linitiative.ca\/International\/wp-json\/wp\/v2\/types\/post"}],"author":[{"embeddable":true,"href":"https:\/\/linitiative.ca\/International\/wp-json\/wp\/v2\/users\/1965"}],"replies":[{"embeddable":true,"href":"https:\/\/linitiative.ca\/International\/wp-json\/wp\/v2\/comments?post=147136"}],"version-history":[{"count":0,"href":"https:\/\/linitiative.ca\/International\/wp-json\/wp\/v2\/posts\/147136\/revisions"}],"wp:attachment":[{"href":"https:\/\/linitiative.ca\/International\/wp-json\/wp\/v2\/media?parent=147136"}],"wp:term":[{"taxonomy":"category","embeddable":true,"href":"https:\/\/linitiative.ca\/International\/wp-json\/wp\/v2\/categories?post=147136"},{"taxonomy":"post_tag","embeddable":true,"href":"https:\/\/linitiative.ca\/International\/wp-json\/wp\/v2\/tags?post=147136"}],"curies":[{"name":"wp","href":"https:\/\/api.w.org\/{rel}","templated":true}]}}