{"id":147145,"date":"2022-05-06T16:00:53","date_gmt":"2022-05-06T20:00:53","guid":{"rendered":"https:\/\/linitiative.ca\/International\/elissa-et-saad-lamjarred-forment-un-beau-duo-dans-min-awel-dekika\/"},"modified":"2022-05-06T16:00:53","modified_gmt":"2022-05-06T20:00:53","slug":"elissa-et-saad-lamjarred-forment-un-beau-duo-dans-min-awel-dekika","status":"publish","type":"post","link":"https:\/\/linitiative.ca\/International\/elissa-et-saad-lamjarred-forment-un-beau-duo-dans-min-awel-dekika\/","title":{"rendered":"Elissa et Saad Lamjarred forment un beau duo  dans \u00abMin Awel Dekika\u00bb"},"content":{"rendered":"<div>\n<p><img decoding=\"async\" width=\"300\" height=\"153\" src=\"https:\/\/linitiative.ca\/International\/wp-content\/uploads\/sites\/23\/2022\/05\/Elissa-et-Saad-Lamjarred-forment-un-beau-duo-dans-Min-Awel-Dekika-300x153-1.png\" class=\"attachment-medium size-medium wp-post-image\" alt=\"\" loading=\"lazy\" srcset=\"https:\/\/linitiative.ca\/International\/wp-content\/uploads\/sites\/23\/2022\/05\/Elissa-et-Saad-Lamjarred-forment-un-beau-duo-dans-Min-Awel-Dekika-300x153-1.png 300w, https:\/\/aujourdhui.ma\/wp-content\/uploads\/2022\/05\/Elissa-et-Saad-Lamjarred-forment-un-beau-duo-dans-Min-Awel-Dekika-274x140.png 274w, https:\/\/aujourdhui.ma\/wp-content\/uploads\/2022\/05\/Elissa-et-Saad-Lamjarred-forment-un-beau-duo-dans-Min-Awel-Dekika.png 746w, https:\/\/aujourdhui.ma\/wp-content\/uploads\/2022\/05\/Elissa-et-Saad-Lamjarred-forment-un-beau-duo-dans-Min-Awel-Dekika-165x84.png 165w, https:\/\/aujourdhui.ma\/wp-content\/uploads\/2022\/05\/Elissa-et-Saad-Lamjarred-forment-un-beau-duo-dans-Min-Awel-Dekika-702x358.png 702w\" sizes=\"auto, (max-width: 300px) 100vw, 300px\"><\/p>\n<p><span style=\"color: #800000;\"><strong>Ils ont r\u00e9colt\u00e9 plus de 2 millions de vues en moins de 24h<\/strong><\/span><span id=\"more-407057\"><\/span><\/p>\n<p>Ils ont vraiment cr\u00e9\u00e9 le suspense. D\u2019abord, elle a partag\u00e9 sa photo sans montrer son visage \u00e0 lui. Apr\u00e8s quoi, ils se sont affich\u00e9s ensemble en vid\u00e9o et photo pour en annoncer la couleur. Et ils ont fini par lancer, mercredi soir, le nouveau single \u00abMin Awel Dekika\u00bb (D\u00e8s le premier instant). Les deux stars marocaine et libanaise, Saad Lamjarred et Elissa, de son nom El Khoury, forment un beau duo dans cette \u0153uvre qui est une surprise pour le grand public.<br \/>\nD\u00e8s son lancement sur YouTube, la vid\u00e9o d\u00e9di\u00e9e \u00e0 ce morceau dans laquelle les deux artistes s\u2019affichent ensemble en studio a r\u00e9colt\u00e9 un grand nombre de vues pour d\u00e9passer pour le moment les 2,2 millions de vues en moins de 24 heures. Un tabac !<br \/>\nA propos de l\u2019id\u00e9e de ce duo, dont les paroles sont con\u00e7ues par Amir Teama pour une composition de Ramy Gamal et un arrangement d\u2019Ahmed Ibrahim, le tout sous la direction de Karim Bennis, le chanteur marocain, qui vient d\u2019animer un concert r\u00e9ussi \u00e0 Duba\u00ef, r\u00e9v\u00e8le qu\u2019elle a vu le jour apr\u00e8s sa \u00abpremi\u00e8re rencontre avec Elissa \u00e0 Paris\u00bb. \u00abUne grande harmonie s\u2019est cr\u00e9\u00e9e entre nous deux. C\u2019est pour cela que nous avons d\u00e9cid\u00e9 de collaborer ensemble\u00bb, s\u2019exprime-t-il dans une \u00e9mission apr\u00e8s son spectacle. L\u2019artiste marocain confie dans ce sens que la chanteuse a \u00abgagn\u00e9\u00bb son c\u0153ur \u00abd\u00e8s le premier instant\u00bb. D\u2019o\u00f9 l\u2019intitul\u00e9 du tube.<\/p>\n<p>De son c\u00f4t\u00e9, Elissa, qui n\u2019est pas \u00e0 pr\u00e9senter et qui a tenu les m\u00e9lomanes en haleine avant la sortie de ce morceau, avait annonc\u00e9 le duo sans citer le nom de la star marocaine qu\u2019elle avait rencontr\u00e9e dans la capitale parisienne en novembre dernier. La chanteuse, qui a \u00e9galement \u00e0 son compteur un grand nombre de titres, a, \u00e0 son tour, r\u00e9v\u00e9l\u00e9 dans une autre \u00e9mission que ce duo serait l\u2019une des premi\u00e8res \u0153uvres de son prochain album intitul\u00e9 \u00abMarahel\u00bb (Etapes).<\/p>\n<p>Outre \u00abMin Awel Dekika\u00bb, Saad Lamjarred, qui a plus de 13 millions d\u2019abonn\u00e9s, a lanc\u00e9 en Ramadan un single religieux appel\u00e9 \u00abAltawbah\u00bb (La p\u00e9nitence) qui a d\u00e9pass\u00e9 un million de vues sur sa cha\u00eene YouTube. Cet artiste, connu pour ses diff\u00e9rentes collaborations et son esprit novateur \u00e0 chaque lancement de titres, a un grand nombre d\u2019\u0153uvres au compteur. En cette ann\u00e9e, il a aussi sorti en janvier \u00abYa Ayouni\u00bb (oh mes yeux). Il s\u2019offre \u00e9galement un succ\u00e8s en creusant dans l\u2019\u00e9minent patrimoine marocain comme celui des \u00abHouaryates\u00bb de Marrakech.<br \/>\nEn collaborant avec la star libanaise, apr\u00e8s d\u2019autres chanteurs, cet artiste insuffle une nouvelle dynamique \u00e0 son parcours en chanson. De quoi donner l\u2019id\u00e9e \u00e0 d\u2019autres interpr\u00e8tes de se produire avec lui. Le meilleur reste certainement \u00e0 venir.<\/p>\n<\/div>\n<p>Auteur: Salima Guisser<br \/>\n<a href=\"https:\/\/aujourdhui.ma\/culture\/elissa-et-saad-lamjarred-forment-un-beau-duo-dans-min-awel-dekika\">Cliquez ici pour lire l&rsquo;article depuis sa source.<\/a><\/p>\n","protected":false},"excerpt":{"rendered":"<p>Ils ont r\u00e9colt\u00e9 plus de 2 millions de vues en moins de 24h Ils ont vraiment cr\u00e9\u00e9 le suspense. D\u2019abord, elle a partag\u00e9 sa photo sans montrer son visage \u00e0 lui. Apr\u00e8s quoi, ils se sont affich\u00e9s ensemble en vid\u00e9o et photo pour en annoncer la couleur. Et ils ont fini par lancer, mercredi soir, [&hellip;]<\/p>\n","protected":false},"author":1759,"featured_media":0,"comment_status":"closed","ping_status":"closed","sticky":false,"template":"","format":"standard","meta":{"fifu_image_url":"https:\/\/aujourdhui.ma\/wp-content\/uploads\/2022\/05\/Elissa-et-Saad-Lamjarred-forment-un-beau-duo-dans-Min-Awel-Dekika-300x153.png","fifu_image_alt":"Elissa et Saad Lamjarred forment un beau duo  dans \u00abMin Awel Dekika\u00bb","footnotes":""},"categories":[73,54],"tags":[],"class_list":["post-147145","post","type-post","status-publish","format-standard","hentry","category-actualite","category-maroc"],"_links":{"self":[{"href":"https:\/\/linitiative.ca\/International\/wp-json\/wp\/v2\/posts\/147145","targetHints":{"allow":["GET"]}}],"collection":[{"href":"https:\/\/linitiative.ca\/International\/wp-json\/wp\/v2\/posts"}],"about":[{"href":"https:\/\/linitiative.ca\/International\/wp-json\/wp\/v2\/types\/post"}],"author":[{"embeddable":true,"href":"https:\/\/linitiative.ca\/International\/wp-json\/wp\/v2\/users\/1759"}],"replies":[{"embeddable":true,"href":"https:\/\/linitiative.ca\/International\/wp-json\/wp\/v2\/comments?post=147145"}],"version-history":[{"count":0,"href":"https:\/\/linitiative.ca\/International\/wp-json\/wp\/v2\/posts\/147145\/revisions"}],"wp:attachment":[{"href":"https:\/\/linitiative.ca\/International\/wp-json\/wp\/v2\/media?parent=147145"}],"wp:term":[{"taxonomy":"category","embeddable":true,"href":"https:\/\/linitiative.ca\/International\/wp-json\/wp\/v2\/categories?post=147145"},{"taxonomy":"post_tag","embeddable":true,"href":"https:\/\/linitiative.ca\/International\/wp-json\/wp\/v2\/tags?post=147145"}],"curies":[{"name":"wp","href":"https:\/\/api.w.org\/{rel}","templated":true}]}}