{"id":147163,"date":"2022-05-06T18:00:00","date_gmt":"2022-05-06T22:00:00","guid":{"rendered":"https:\/\/linitiative.ca\/International\/macron-a-saied-preoccupation-face-a-lampleur-des-defis-institutionnels-economiques-et-sociaux-auxquels-la-tunisie-est-confrontee\/"},"modified":"2022-05-06T18:00:00","modified_gmt":"2022-05-06T22:00:00","slug":"macron-a-saied-preoccupation-face-a-lampleur-des-defis-institutionnels-economiques-et-sociaux-auxquels-la-tunisie-est-confrontee","status":"publish","type":"post","link":"https:\/\/linitiative.ca\/International\/macron-a-saied-preoccupation-face-a-lampleur-des-defis-institutionnels-economiques-et-sociaux-auxquels-la-tunisie-est-confrontee\/","title":{"rendered":"Macron \u00e0 Sa\u00efed : pr\u00e9occupation face \u00e0 l\u2019ampleur des d\u00e9fis institutionnels, \u00e9conomiques et sociaux auxquels la Tunisie est confront\u00e9e"},"content":{"rendered":"<div><img decoding=\"async\" src=\"https:\/\/linitiative.ca\/International\/wp-content\/uploads\/sites\/23\/2022\/05\/1651870827_article.jpg\" alt=\"Macron \u00e0 Sa\u00efed : pr\u00e9occupation face \u00e0 l\u2019ampleur des d\u00e9fis institutionnels, \u00e9conomiques et sociaux auxquels la Tunisie est confront\u00e9e \" align=\"left\">Dans la s\u00e9rie d\u2019appels t\u00e9l\u00e9phoniques entre le pr\u00e9sident Emanuel Macron et de nombreux de ses homologues qui ont tenu \u00e0 le f\u00e9liciter pour sa r\u00e9\u00e9lection, l\u2019entretien du pr\u00e9sident fran\u00e7ais avec Kais Sa\u00efed, ce vendredi, ne s\u2019est pas limit\u00e9 aux \u00e9changes protocolaires. Emanuel Macron a saisit cette occasion pour faire part \u00e0 son homologue, selon un communiqu\u00e9 de l\u2019\u00c9lys\u00e9e, de sa pr\u00e9occupation face \u00e0 l\u2019ampleur des d\u00e9fis institutionnels, \u00e9conomiques et sociaux auxquels le pays est confront\u00e9 qui ne peuvent \u00eatre relev\u00e9s que dans le dialogue et l\u2019unit\u00e9. Il a rappel\u00e9 la disponibilit\u00e9 de la France \u00e0 accompagner la Tunisie dans la mise en \u0153uvre des r\u00e9formes dont &#8230;<\/p>\n<\/div>\n<p>Auteur:<br \/>\n<a href=\"https:\/\/www.leaders.com.tn\/article\/33315-macron-a-saied-preoccupation-face-a-l-ampleur-des-defis-institutionnels-economiques-et-sociaux-auxquels-la-tunisie-est-confrontee\">Cliquez ici pour lire l&rsquo;article depuis sa source.<\/a><\/p>\n","protected":false},"excerpt":{"rendered":"<p>Dans la s\u00e9rie d\u2019appels t\u00e9l\u00e9phoniques entre le pr\u00e9sident Emanuel Macron et de nombreux de ses homologues qui ont tenu \u00e0 le f\u00e9liciter pour sa r\u00e9\u00e9lection, l\u2019entretien du pr\u00e9sident fran\u00e7ais avec Kais Sa\u00efed, ce vendredi, ne s\u2019est pas limit\u00e9 aux \u00e9changes protocolaires. Emanuel Macron a saisit cette occasion pour faire part \u00e0 son homologue, selon un [&hellip;]<\/p>\n","protected":false},"author":1772,"featured_media":0,"comment_status":"closed","ping_status":"closed","sticky":false,"template":"","format":"standard","meta":{"fifu_image_url":"http:\/\/www.leaders.com.tn\/uploads\/content\/thumbnails_small\/1651870827_article.jpg","fifu_image_alt":"Macron \u00e0 Sa\u00efed : pr\u00e9occupation face \u00e0 l\u2019ampleur des d\u00e9fis institutionnels, \u00e9conomiques et sociaux auxquels la Tunisie est confront\u00e9e","footnotes":""},"categories":[73,55],"tags":[],"class_list":["post-147163","post","type-post","status-publish","format-standard","hentry","category-actualite","category-tunisie"],"_links":{"self":[{"href":"https:\/\/linitiative.ca\/International\/wp-json\/wp\/v2\/posts\/147163","targetHints":{"allow":["GET"]}}],"collection":[{"href":"https:\/\/linitiative.ca\/International\/wp-json\/wp\/v2\/posts"}],"about":[{"href":"https:\/\/linitiative.ca\/International\/wp-json\/wp\/v2\/types\/post"}],"author":[{"embeddable":true,"href":"https:\/\/linitiative.ca\/International\/wp-json\/wp\/v2\/users\/1772"}],"replies":[{"embeddable":true,"href":"https:\/\/linitiative.ca\/International\/wp-json\/wp\/v2\/comments?post=147163"}],"version-history":[{"count":0,"href":"https:\/\/linitiative.ca\/International\/wp-json\/wp\/v2\/posts\/147163\/revisions"}],"wp:attachment":[{"href":"https:\/\/linitiative.ca\/International\/wp-json\/wp\/v2\/media?parent=147163"}],"wp:term":[{"taxonomy":"category","embeddable":true,"href":"https:\/\/linitiative.ca\/International\/wp-json\/wp\/v2\/categories?post=147163"},{"taxonomy":"post_tag","embeddable":true,"href":"https:\/\/linitiative.ca\/International\/wp-json\/wp\/v2\/tags?post=147163"}],"curies":[{"name":"wp","href":"https:\/\/api.w.org\/{rel}","templated":true}]}}