{"id":147165,"date":"2022-05-07T04:00:00","date_gmt":"2022-05-07T08:00:00","guid":{"rendered":"https:\/\/linitiative.ca\/International\/annie-goldmann-lintellectuelle-feministe-tunisoise\/"},"modified":"2022-05-07T04:00:00","modified_gmt":"2022-05-07T08:00:00","slug":"annie-goldmann-lintellectuelle-feministe-tunisoise","status":"publish","type":"post","link":"https:\/\/linitiative.ca\/International\/annie-goldmann-lintellectuelle-feministe-tunisoise\/","title":{"rendered":"Annie Goldmann: L\u2019intellectuelle f\u00e9ministe tunisoise"},"content":{"rendered":"<div><img decoding=\"async\" src=\"https:\/\/linitiative.ca\/International\/wp-content\/uploads\/sites\/23\/2022\/05\/1651863125_article.jpg\" alt=\"Annie Goldmann: L\u2019intellectuelle f\u00e9ministe tunisoise\" align=\"left\">Par Janine Gdalia &#8211; Tout d\u2019abord, je voudrais vous saluer tous et vous dire mon \u00e9motion d\u2019\u00eatre parmi vous, \u00e0 Tunis, ma ville natale, pour ce moment exceptionnel, celui d\u2019un hommage \u00e0 Annie Goldmann, intellectuelle f\u00e9ministe tunisoise dont les enfants ici pr\u00e9sents ont voulu offrir \u00e0 la Biblioth\u00e8que nationale (BN) un ensemble d\u2019ouvrages de la biblioth\u00e8que d\u2019Annie sur les femmes. Mes remerciements tr\u00e8s sinc\u00e8res au Professeur Habib Kazdaghli, ancien doyen, actuellement directeur du laboratoire de recherche sur le patrimoine \u00e0 la facult\u00e9 de Manouba, qui a initi\u00e9 cette action, \u00e0 Nadia El Ouerghemmi, directrice du bureau de la Fondation Rosa-Luxembourg qui en a \u00e9t\u00e9 &#8230;<\/p>\n<\/div>\n<p>Auteur:<br \/>\n<a href=\"https:\/\/www.leaders.com.tn\/article\/33313-annie-goldmann-l-intellectuelle-feministe-tunisoise\">Cliquez ici pour lire l&rsquo;article depuis sa source.<\/a><\/p>\n","protected":false},"excerpt":{"rendered":"<p>Par Janine Gdalia &#8211; Tout d\u2019abord, je voudrais vous saluer tous et vous dire mon \u00e9motion d\u2019\u00eatre parmi vous, \u00e0 Tunis, ma ville natale, pour ce moment exceptionnel, celui d\u2019un hommage \u00e0 Annie Goldmann, intellectuelle f\u00e9ministe tunisoise dont les enfants ici pr\u00e9sents ont voulu offrir \u00e0 la Biblioth\u00e8que nationale (BN) un ensemble d\u2019ouvrages de la [&hellip;]<\/p>\n","protected":false},"author":1772,"featured_media":0,"comment_status":"closed","ping_status":"closed","sticky":false,"template":"","format":"standard","meta":{"fifu_image_url":"http:\/\/www.leaders.com.tn\/uploads\/content\/thumbnails_small\/1651863125_article.jpg","fifu_image_alt":"Annie Goldmann: L\u2019intellectuelle f\u00e9ministe tunisoise","footnotes":""},"categories":[73,55],"tags":[],"class_list":["post-147165","post","type-post","status-publish","format-standard","hentry","category-actualite","category-tunisie"],"_links":{"self":[{"href":"https:\/\/linitiative.ca\/International\/wp-json\/wp\/v2\/posts\/147165","targetHints":{"allow":["GET"]}}],"collection":[{"href":"https:\/\/linitiative.ca\/International\/wp-json\/wp\/v2\/posts"}],"about":[{"href":"https:\/\/linitiative.ca\/International\/wp-json\/wp\/v2\/types\/post"}],"author":[{"embeddable":true,"href":"https:\/\/linitiative.ca\/International\/wp-json\/wp\/v2\/users\/1772"}],"replies":[{"embeddable":true,"href":"https:\/\/linitiative.ca\/International\/wp-json\/wp\/v2\/comments?post=147165"}],"version-history":[{"count":0,"href":"https:\/\/linitiative.ca\/International\/wp-json\/wp\/v2\/posts\/147165\/revisions"}],"wp:attachment":[{"href":"https:\/\/linitiative.ca\/International\/wp-json\/wp\/v2\/media?parent=147165"}],"wp:term":[{"taxonomy":"category","embeddable":true,"href":"https:\/\/linitiative.ca\/International\/wp-json\/wp\/v2\/categories?post=147165"},{"taxonomy":"post_tag","embeddable":true,"href":"https:\/\/linitiative.ca\/International\/wp-json\/wp\/v2\/tags?post=147165"}],"curies":[{"name":"wp","href":"https:\/\/api.w.org\/{rel}","templated":true}]}}