{"id":147167,"date":"2022-05-07T06:58:17","date_gmt":"2022-05-07T10:58:17","guid":{"rendered":"https:\/\/linitiative.ca\/International\/maroc-retour-a-lheure-gmt1-ce-dimanche-8-mai\/"},"modified":"2022-05-07T06:58:17","modified_gmt":"2022-05-07T10:58:17","slug":"maroc-retour-a-lheure-gmt1-ce-dimanche-8-mai","status":"publish","type":"post","link":"https:\/\/linitiative.ca\/International\/maroc-retour-a-lheure-gmt1-ce-dimanche-8-mai\/","title":{"rendered":"Maroc: retour \u00e0 l\u2019heure GMT+1 ce dimanche 8 mai"},"content":{"rendered":"<div><img decoding=\"async\" width=\"630\" height=\"430\" src=\"https:\/\/linitiative.ca\/International\/wp-content\/uploads\/sites\/23\/2022\/05\/heure-gmt.jpg\" class=\"attachment-post-thumbnail size-post-thumbnail wp-post-image\" alt=\"\" loading=\"lazy\" srcset=\"https:\/\/linitiative.ca\/International\/wp-content\/uploads\/sites\/23\/2022\/05\/heure-gmt.jpg 630w, https:\/\/www.challenge.ma\/wp-content\/uploads\/2014\/10\/heure-gmt-300x204.jpg 300w, https:\/\/www.challenge.ma\/wp-content\/uploads\/2014\/10\/heure-gmt-600x409.jpg 600w, https:\/\/www.challenge.ma\/wp-content\/uploads\/2014\/10\/heure-gmt-80x55.jpg 80w, https:\/\/www.challenge.ma\/wp-content\/uploads\/2014\/10\/heure-gmt-310x211.jpg 310w, https:\/\/www.challenge.ma\/wp-content\/uploads\/2014\/10\/heure-gmt-112x76.jpg 112w\" sizes=\"auto, (max-width: 630px) 100vw, 630px\" itemprop=\"image\">Pour rappel, le Maroc va repasser \u00e0 l\u2019heure GMT+1 le dimanche 08 mai 2022 \u00e0 02h00, en avan\u00e7ant l\u2019heure de 60 minutes, avait annonc\u00e9 le minist\u00e8re de la Transition num\u00e9rique et de la R\u00e9forme de l\u2019administration Le Royaume du Maroc va repasser \u00e0 l\u2019heure GMT+1 le dimanche 08 mai \u00e0<\/div>\n<p>Auteur: Mehdi Ouazzani<br \/>\n<a href=\"https:\/\/www.challenge.ma\/maroc-retour-a-lheure-gmt1-ce-dimanche-8-mai-238146\/\">Cliquez ici pour lire l&rsquo;article depuis sa source.<\/a><\/p>\n","protected":false},"excerpt":{"rendered":"<p>Pour rappel, le Maroc va repasser \u00e0 l\u2019heure GMT+1 le dimanche 08 mai 2022 \u00e0 02h00, en avan\u00e7ant l\u2019heure de 60 minutes, avait annonc\u00e9 le minist\u00e8re de la Transition num\u00e9rique et de la R\u00e9forme de l\u2019administration Le Royaume du Maroc va repasser \u00e0 l\u2019heure GMT+1 le dimanche 08 mai \u00e0 Auteur: Mehdi Ouazzani Cliquez ici [&hellip;]<\/p>\n","protected":false},"author":1787,"featured_media":0,"comment_status":"closed","ping_status":"closed","sticky":false,"template":"","format":"standard","meta":{"fifu_image_url":"https:\/\/www.challenge.ma\/wp-content\/uploads\/2014\/10\/heure-gmt.jpg","fifu_image_alt":"Maroc: retour \u00e0 l\u2019heure GMT+1 ce dimanche 8 mai","footnotes":""},"categories":[78,54],"tags":[],"class_list":["post-147167","post","type-post","status-publish","format-standard","hentry","category-economie","category-maroc"],"_links":{"self":[{"href":"https:\/\/linitiative.ca\/International\/wp-json\/wp\/v2\/posts\/147167","targetHints":{"allow":["GET"]}}],"collection":[{"href":"https:\/\/linitiative.ca\/International\/wp-json\/wp\/v2\/posts"}],"about":[{"href":"https:\/\/linitiative.ca\/International\/wp-json\/wp\/v2\/types\/post"}],"author":[{"embeddable":true,"href":"https:\/\/linitiative.ca\/International\/wp-json\/wp\/v2\/users\/1787"}],"replies":[{"embeddable":true,"href":"https:\/\/linitiative.ca\/International\/wp-json\/wp\/v2\/comments?post=147167"}],"version-history":[{"count":0,"href":"https:\/\/linitiative.ca\/International\/wp-json\/wp\/v2\/posts\/147167\/revisions"}],"wp:attachment":[{"href":"https:\/\/linitiative.ca\/International\/wp-json\/wp\/v2\/media?parent=147167"}],"wp:term":[{"taxonomy":"category","embeddable":true,"href":"https:\/\/linitiative.ca\/International\/wp-json\/wp\/v2\/categories?post=147167"},{"taxonomy":"post_tag","embeddable":true,"href":"https:\/\/linitiative.ca\/International\/wp-json\/wp\/v2\/tags?post=147167"}],"curies":[{"name":"wp","href":"https:\/\/api.w.org\/{rel}","templated":true}]}}