{"id":147169,"date":"2022-05-07T15:26:18","date_gmt":"2022-05-07T19:26:18","guid":{"rendered":"https:\/\/linitiative.ca\/International\/le-canadien-kolibri-telecommunications-debarque-au-maroc\/"},"modified":"2022-05-07T15:26:18","modified_gmt":"2022-05-07T19:26:18","slug":"le-canadien-kolibri-telecommunications-debarque-au-maroc","status":"publish","type":"post","link":"https:\/\/linitiative.ca\/International\/le-canadien-kolibri-telecommunications-debarque-au-maroc\/","title":{"rendered":"Le canadien Kolibri T\u00e9l\u00e9communications d\u00e9barque au Maroc"},"content":{"rendered":"<div><img decoding=\"async\" width=\"1000\" height=\"667\" src=\"https:\/\/www.challenge.ma\/wp-content\/uploads\/2022\/04\/consolidation-ssii-atos-bull-sopra-steria.webp\" class=\"attachment-post-thumbnail size-post-thumbnail wp-post-image\" alt=\"\" loading=\"lazy\" srcset=\"https:\/\/www.challenge.ma\/wp-content\/uploads\/2022\/04\/consolidation-ssii-atos-bull-sopra-steria.webp 1000w, https:\/\/www.challenge.ma\/wp-content\/uploads\/2022\/04\/consolidation-ssii-atos-bull-sopra-steria-300x200.webp 300w, https:\/\/www.challenge.ma\/wp-content\/uploads\/2022\/04\/consolidation-ssii-atos-bull-sopra-steria-768x512.webp 768w, https:\/\/www.challenge.ma\/wp-content\/uploads\/2022\/04\/consolidation-ssii-atos-bull-sopra-steria-360x240.webp 360w, https:\/\/www.challenge.ma\/wp-content\/uploads\/2022\/04\/consolidation-ssii-atos-bull-sopra-steria-750x500.webp 750w\" sizes=\"auto, (max-width: 1000px) 100vw, 1000px\" itemprop=\"image\">Apr\u00e8s le groupe d\u2019a\u00e9ronautique Abipa Canada, qui a plant\u00e9 r\u00e9cemment son \u00e9tendard au Maroc gr\u00e2ce \u00e0 son rapprochement avec le fran\u00e7ais ARM, un autre canadien jette son d\u00e9volu sur notre pays. En effet, Kolibri T\u00e9l\u00e9communication, une SSII (Soci\u00e9t\u00e9 de Service et d\u2019Ing\u00e9nierie Informatique) bas\u00e9e \u00e0 Laval (province de Qu\u00e9bec), vient<\/div>\n<p>Auteur: Adama Sylla<br \/>\n<a href=\"https:\/\/www.challenge.ma\/le-canadien-kolibri-telecommunications-debarque-au-maroc-237796\/\">Cliquez ici pour lire l&rsquo;article depuis sa source.<\/a><\/p>\n","protected":false},"excerpt":{"rendered":"<p>Apr\u00e8s le groupe d\u2019a\u00e9ronautique Abipa Canada, qui a plant\u00e9 r\u00e9cemment son \u00e9tendard au Maroc gr\u00e2ce \u00e0 son rapprochement avec le fran\u00e7ais ARM, un autre canadien jette son d\u00e9volu sur notre pays. En effet, Kolibri T\u00e9l\u00e9communication, une SSII (Soci\u00e9t\u00e9 de Service et d\u2019Ing\u00e9nierie Informatique) bas\u00e9e \u00e0 Laval (province de Qu\u00e9bec), vient Auteur: Adama Sylla Cliquez ici [&hellip;]<\/p>\n","protected":false},"author":1787,"featured_media":0,"comment_status":"closed","ping_status":"closed","sticky":false,"template":"","format":"standard","meta":{"fifu_image_url":"https:\/\/www.challenge.ma\/wp-content\/uploads\/2022\/04\/consolidation-ssii-atos-bull-sopra-steria.webp","fifu_image_alt":"Le canadien Kolibri T\u00e9l\u00e9communications d\u00e9barque au Maroc","footnotes":""},"categories":[78,54],"tags":[],"class_list":["post-147169","post","type-post","status-publish","format-standard","hentry","category-economie","category-maroc"],"_links":{"self":[{"href":"https:\/\/linitiative.ca\/International\/wp-json\/wp\/v2\/posts\/147169","targetHints":{"allow":["GET"]}}],"collection":[{"href":"https:\/\/linitiative.ca\/International\/wp-json\/wp\/v2\/posts"}],"about":[{"href":"https:\/\/linitiative.ca\/International\/wp-json\/wp\/v2\/types\/post"}],"author":[{"embeddable":true,"href":"https:\/\/linitiative.ca\/International\/wp-json\/wp\/v2\/users\/1787"}],"replies":[{"embeddable":true,"href":"https:\/\/linitiative.ca\/International\/wp-json\/wp\/v2\/comments?post=147169"}],"version-history":[{"count":0,"href":"https:\/\/linitiative.ca\/International\/wp-json\/wp\/v2\/posts\/147169\/revisions"}],"wp:attachment":[{"href":"https:\/\/linitiative.ca\/International\/wp-json\/wp\/v2\/media?parent=147169"}],"wp:term":[{"taxonomy":"category","embeddable":true,"href":"https:\/\/linitiative.ca\/International\/wp-json\/wp\/v2\/categories?post=147169"},{"taxonomy":"post_tag","embeddable":true,"href":"https:\/\/linitiative.ca\/International\/wp-json\/wp\/v2\/tags?post=147169"}],"curies":[{"name":"wp","href":"https:\/\/api.w.org\/{rel}","templated":true}]}}