{"id":147173,"date":"2022-05-07T16:30:24","date_gmt":"2022-05-07T20:30:24","guid":{"rendered":"https:\/\/linitiative.ca\/International\/tunisie-video-la-vague-dincendies-et-la-protection-des-recoltes-cerealieres-au-coeur-de-la-reunion-du-comite-de-prevention-des-catastrophes\/"},"modified":"2022-05-07T16:30:24","modified_gmt":"2022-05-07T20:30:24","slug":"tunisie-video-la-vague-dincendies-et-la-protection-des-recoltes-cerealieres-au-coeur-de-la-reunion-du-comite-de-prevention-des-catastrophes","status":"publish","type":"post","link":"https:\/\/linitiative.ca\/International\/tunisie-video-la-vague-dincendies-et-la-protection-des-recoltes-cerealieres-au-coeur-de-la-reunion-du-comite-de-prevention-des-catastrophes\/","title":{"rendered":"Tunisie [VIDEO] : La vague d\u2019incendies et la protection des r\u00e9coltes c\u00e9r\u00e9ali\u00e8res, au c\u0153ur de la r\u00e9union du Comit\u00e9 de Pr\u00e9vention des Catastrophes"},"content":{"rendered":"<div>\n<p>La r\u00e9union du Comit\u00e9 National Permanent de Pr\u00e9vention des Catastrophes a \u00e9t\u00e9 tenue exceptionnellement ce samedi 7 mai 2022, sous la tutelle du ministre de l\u2019Int\u00e9rieur, Taoufik Charfeddine et en pr\u00e9sence des tous les membres du comit\u00e9 affili\u00e9s aux minist\u00e8res impliqu\u00e9s. Cette r\u00e9union a \u00e9t\u00e9 consacr\u00e9e \u00e0 l\u2019examen des moyens de s\u00e9curiser la saison des [\u2026]<\/p>\n<p>L\u2019article <a href=\"https:\/\/www.tunisienumerique.com\/tunisie-video-la-vague-dincendies-et-la-protection-des-recoltes-cerealieres-au-coeur-de-la-reunion-du-comite-de-prevention-des-catastrophes\/\">Tunisie [VIDEO] : La vague d\u2019incendies et la protection des r\u00e9coltes c\u00e9r\u00e9ali\u00e8res, au c\u0153ur de la r\u00e9union du Comit\u00e9 de Pr\u00e9vention des Catastrophes<\/a> est apparu en premier sur <a href=\"https:\/\/www.tunisienumerique.com\/\">Tunisie<\/a>.<\/p>\n<\/div>\n<p>Auteur: rania ben slimane<br \/>\n<a href=\"https:\/\/www.tunisienumerique.com\/tunisie-video-la-vague-dincendies-et-la-protection-des-recoltes-cerealieres-au-coeur-de-la-reunion-du-comite-de-prevention-des-catastrophes\/\">Cliquez ici pour lire l&rsquo;article depuis sa source.<\/a><\/p>\n","protected":false},"excerpt":{"rendered":"<p>La r\u00e9union du Comit\u00e9 National Permanent de Pr\u00e9vention des Catastrophes a \u00e9t\u00e9 tenue exceptionnellement ce samedi 7 mai 2022, sous la tutelle du ministre de l\u2019Int\u00e9rieur, Taoufik Charfeddine et en pr\u00e9sence des tous les membres du comit\u00e9 affili\u00e9s aux minist\u00e8res impliqu\u00e9s. Cette r\u00e9union a \u00e9t\u00e9 consacr\u00e9e \u00e0 l\u2019examen des moyens de s\u00e9curiser la saison des [&hellip;]<\/p>\n","protected":false},"author":1789,"featured_media":0,"comment_status":"closed","ping_status":"closed","sticky":false,"template":"","format":"standard","meta":{"fifu_image_url":"","fifu_image_alt":"","footnotes":""},"categories":[73,55],"tags":[],"class_list":["post-147173","post","type-post","status-publish","format-standard","hentry","category-actualite","category-tunisie"],"_links":{"self":[{"href":"https:\/\/linitiative.ca\/International\/wp-json\/wp\/v2\/posts\/147173","targetHints":{"allow":["GET"]}}],"collection":[{"href":"https:\/\/linitiative.ca\/International\/wp-json\/wp\/v2\/posts"}],"about":[{"href":"https:\/\/linitiative.ca\/International\/wp-json\/wp\/v2\/types\/post"}],"author":[{"embeddable":true,"href":"https:\/\/linitiative.ca\/International\/wp-json\/wp\/v2\/users\/1789"}],"replies":[{"embeddable":true,"href":"https:\/\/linitiative.ca\/International\/wp-json\/wp\/v2\/comments?post=147173"}],"version-history":[{"count":0,"href":"https:\/\/linitiative.ca\/International\/wp-json\/wp\/v2\/posts\/147173\/revisions"}],"wp:attachment":[{"href":"https:\/\/linitiative.ca\/International\/wp-json\/wp\/v2\/media?parent=147173"}],"wp:term":[{"taxonomy":"category","embeddable":true,"href":"https:\/\/linitiative.ca\/International\/wp-json\/wp\/v2\/categories?post=147173"},{"taxonomy":"post_tag","embeddable":true,"href":"https:\/\/linitiative.ca\/International\/wp-json\/wp\/v2\/tags?post=147173"}],"curies":[{"name":"wp","href":"https:\/\/api.w.org\/{rel}","templated":true}]}}