{"id":147177,"date":"2022-05-07T14:30:33","date_gmt":"2022-05-07T18:30:33","guid":{"rendered":"https:\/\/linitiative.ca\/International\/ufoa-b-niger-2022-les-etalons-juniors-prets-pour-la-competition\/"},"modified":"2022-05-07T14:30:33","modified_gmt":"2022-05-07T18:30:33","slug":"ufoa-b-niger-2022-les-etalons-juniors-prets-pour-la-competition","status":"publish","type":"post","link":"https:\/\/linitiative.ca\/International\/ufoa-b-niger-2022-les-etalons-juniors-prets-pour-la-competition\/","title":{"rendered":"UFOA-B\/ Niger 2022\u00a0: Les Etalons juniors pr\u00eats pour la comp\u00e9tition"},"content":{"rendered":"<div>\n<p><strong>Les Etalons juniors sont \u00e0 Niamey au Niger depuis le jeudi 4 mai 2022 pour participer au tournoi de l\u2019Union des f\u00e9d\u00e9rations ouest-africaines de football (UFOA) zone B. Selon le s\u00e9lectionneur Brama Traor\u00e9, son \u00e9quipe est dans les bonnes conditions pour la conqu\u00eate du troph\u00e9e sous r\u00e9gional.<\/strong><\/p>\n<p>Log\u00e9s dans la poule B en compagnie du Ghana et du Nig\u00e9ria, les gar\u00e7ons de Brama Traor\u00e9 entrent en comp\u00e9tition le mercredi 11 mai prochain contre les Supers Eagles du Nig\u00e9ria. Depuis leur arriv\u00e9e dans la capitale nig\u00e9rienne, Abdel Rachid Zagr\u00e9 et ses camarades multiplient les s\u00e9ances d\u2019entrainement.<\/p>\n<p>\u00ab Nous sommes bien log\u00e9s. Sur le plan de la restauration \u00e9galement tout se passe bien \u00bb, a affirm\u00e9 le s\u00e9lectionneur, Brama Traor\u00e9. Pour la t\u00eate pensante de l\u2019\u00e9quipe,\u00a0 les 20 joueurs s\u00e9lectionn\u00e9s sont les plus comp\u00e9titifs du championnat national. \u00ab Chacun d\u2019eux a au minimum 20 journ\u00e9es de championnat national dans les jambes. Nous avons des joueurs qui font notre fiert\u00e9 comme Eric Chardey, Mohamed Ou\u00e9draogo, Philippe La Paix Mar\u00e9, Abdel Rachid Zagr\u00e9. Ils tapent m\u00eame \u00e0 la porte de la s\u00e9lection A \u00bb, s\u2019est f\u00e9licit\u00e9 Brama Traor\u00e9.<\/p>\n<p>Parmi ses joueurs, 19 sont issus du championnat national, le seul expatri\u00e9 vient du Ghana. \u00ab Nous avons eu des propositions de la C\u00f4te d\u2019Ivoire, de la France, des Pays Bas, mais nous avons pr\u00e9f\u00e9r\u00e9 les joueurs les plus comp\u00e9titifs du championnat local \u00bb, a-t-il expliqu\u00e9.<\/p>\n<figure id=\"attachment_49140\" aria-describedby=\"caption-attachment-49140\" style=\"width: 696px\" class=\"wp-caption alignnone\"><img loading=\"lazy\" decoding=\"async\" data-attachment-id=\"49140\" data-permalink=\"https:\/\/www.sidwaya.info\/blog\/2022\/05\/07\/ufoa-b-niger-2022-les-etalons-prets-pour-la-competition\/whatsapp-image-2022-05-07-at-19-39-54\/\" data-orig-file=\"https:\/\/www.sidwaya.info\/wp-content\/uploads\/2022\/05\/WhatsApp-Image-2022-05-07-at-19.39.54-e1651948216346.jpeg\" data-orig-size=\"750,500\" data-comments-opened=\"1\" data-image-meta='{\"aperture\":\"0\",\"credit\":\"\",\"camera\":\"\",\"caption\":\"\",\"created_timestamp\":\"0\",\"copyright\":\"\",\"focal_length\":\"0\",\"iso\":\"0\",\"shutter_speed\":\"0\",\"title\":\"\",\"orientation\":\"0\"}' data-image-title=\"WhatsApp Image 2022-05-07 at 19.39.54\" data-image-description=\"\" data-image-caption=\"&lt;p&gt;Le s\u00e9lectionneur des Etalons juniors, Brama Traor\u00e9&lt;\/p&gt;\n\" data-medium-file=\"https:\/\/www.sidwaya.info\/wp-content\/uploads\/2022\/05\/WhatsApp-Image-2022-05-07-at-19.39.54-300x200.jpeg\" data-large-file=\"https:\/\/linitiative.ca\/International\/wp-content\/uploads\/sites\/23\/2022\/05\/WhatsApp-Image-2022-05-07-at-19.39.54-1024x683-1.jpeg\" class=\"size-large wp-image-49140\" src=\"https:\/\/linitiative.ca\/International\/wp-content\/uploads\/sites\/23\/2022\/05\/WhatsApp-Image-2022-05-07-at-19.39.54-1024x683-1.jpeg\" alt=\"\" width=\"696\" height=\"464\"><figcaption id=\"caption-attachment-49140\" class=\"wp-caption-text\">Le s\u00e9lectionneur des Etalons juniors, Brama Traor\u00e9<\/figcaption><\/figure>\n<p>Pour lui, l\u2019\u00e9quipe est tr\u00e8s d\u00e9termin\u00e9e et engag\u00e9e pour remporter le tournoi afin de donner de la joie au peuple burkinab\u00e8. \u00ab Nous savons que les burkinab\u00e8 ont le c\u0153ur meurtri du fait de la situation d\u2019ins\u00e9curit\u00e9. Notre objectif est de pouvoir les soulager un tant soit peu avec les victoires. Nous avons besoin de leurs b\u00e9n\u00e9dictions aussi bien ceux de l\u2019int\u00e9rieur que de l\u2019ext\u00e9rieur, surtout ceux r\u00e9sident ici \u00e0 Niamey. Nous avons besoin de leur soutien pour d\u00e9fendre vaillamment le drapeau du pays \u00bb, a confi\u00e9 le s\u00e9lectionneur.<\/p>\n<p>Pour le capitane des Etalons, Abdel Rachid Zagr\u00e9, il y a une bonne ambiance au sein du groupe et tout le monde est confiant.<\/p>\n<p>\u00ab Nous sommes dans de bonnes conditions pour faire un bon tournoi. A Ouagadougou, nous avons effectu\u00e9 4 matchs amicaux. Nous sommes pr\u00eats pour aborder la comp\u00e9tition. Nous sommes \u00e9galement conscients de la t\u00e2che qui nous attend. Je demande aux burkinab\u00e8 de prier pour nous. De notre c\u00f4t\u00e9, nous ferons tout pour obtenir la qualification et viser le titre \u00bb, a-t-il d\u00e9clar\u00e9.<\/p>\n<p>L\u2019\u00e9quipe burkinab\u00e8 compte cependant un bless\u00e9 dans ses rangs, en l\u2019occurrence, Hasamadou Ou\u00e9draogo qui souffre d\u2019une douleur \u00e0 la cheville.<\/p>\n<p>\u00ab Il est en train de suivre un entrainement particulier et nous comptons pouvoir le r\u00e9cup\u00e9rer pour le match contre le Ghana \u00bb, a estim\u00e9 le s\u00e9lectionneur.<\/p>\n<p>Le premier match du groupe du Burkina Faso aura lieu demain 8 mai entre le Ghana et le Nig\u00e9ria. La comp\u00e9tition d\u00e9bute cet apr\u00e8s-midi avec deux affiches au programme: Niger # C\u00f4te d\u2019Ivoire \u00e0 16 heures TU pour le match d\u2019ouverture et Togo # B\u00e9nin \u00e0 19 heures TU.<\/p>\n<p style=\"text-align: right\"><strong>Pengdwend\u00e9 Achille OUEDRAOGO <\/strong><\/p>\n<p style=\"text-align: right\"><strong>(envoy\u00e9 sp\u00e9cial \u00e0 Niamey)<\/strong><\/p>\n<\/div>\n<p>Auteur: Wamini SIDWAYA<br \/>\n<a href=\"https:\/\/www.sidwaya.info\/blog\/2022\/05\/07\/ufoa-b-niger-2022-les-etalons-prets-pour-la-competition\/\">Cliquez ici pour lire l&rsquo;article depuis sa source.<\/a><\/p>\n","protected":false},"excerpt":{"rendered":"<p>Les Etalons juniors sont \u00e0 Niamey au Niger depuis le jeudi 4 mai 2022 pour participer au tournoi de l\u2019Union des f\u00e9d\u00e9rations ouest-africaines de football (UFOA) zone B. Selon le s\u00e9lectionneur Brama Traor\u00e9, son \u00e9quipe est dans les bonnes conditions pour la conqu\u00eate du troph\u00e9e sous r\u00e9gional. Log\u00e9s dans la poule B en compagnie du [&hellip;]<\/p>\n","protected":false},"author":1816,"featured_media":0,"comment_status":"closed","ping_status":"closed","sticky":false,"template":"","format":"standard","meta":{"fifu_image_url":"https:\/\/www.sidwaya.info\/wp-content\/uploads\/2022\/05\/WhatsApp-Image-2022-05-07-at-19.39.54-1024x683.jpeg","fifu_image_alt":"UFOA-B\/ Niger 2022\u00a0: Les Etalons juniors pr\u00eats pour la comp\u00e9tition","footnotes":""},"categories":[73,81],"tags":[],"class_list":["post-147177","post","type-post","status-publish","format-standard","hentry","category-actualite","category-burkina-faso"],"_links":{"self":[{"href":"https:\/\/linitiative.ca\/International\/wp-json\/wp\/v2\/posts\/147177","targetHints":{"allow":["GET"]}}],"collection":[{"href":"https:\/\/linitiative.ca\/International\/wp-json\/wp\/v2\/posts"}],"about":[{"href":"https:\/\/linitiative.ca\/International\/wp-json\/wp\/v2\/types\/post"}],"author":[{"embeddable":true,"href":"https:\/\/linitiative.ca\/International\/wp-json\/wp\/v2\/users\/1816"}],"replies":[{"embeddable":true,"href":"https:\/\/linitiative.ca\/International\/wp-json\/wp\/v2\/comments?post=147177"}],"version-history":[{"count":0,"href":"https:\/\/linitiative.ca\/International\/wp-json\/wp\/v2\/posts\/147177\/revisions"}],"wp:attachment":[{"href":"https:\/\/linitiative.ca\/International\/wp-json\/wp\/v2\/media?parent=147177"}],"wp:term":[{"taxonomy":"category","embeddable":true,"href":"https:\/\/linitiative.ca\/International\/wp-json\/wp\/v2\/categories?post=147177"},{"taxonomy":"post_tag","embeddable":true,"href":"https:\/\/linitiative.ca\/International\/wp-json\/wp\/v2\/tags?post=147177"}],"curies":[{"name":"wp","href":"https:\/\/api.w.org\/{rel}","templated":true}]}}