{"id":147180,"date":"2022-05-07T16:06:06","date_gmt":"2022-05-07T20:06:06","guid":{"rendered":"https:\/\/linitiative.ca\/International\/des-hommes-armes-se-signalent-dans-certains-quartiers-de-bogande\/"},"modified":"2022-05-07T16:06:06","modified_gmt":"2022-05-07T20:06:06","slug":"des-hommes-armes-se-signalent-dans-certains-quartiers-de-bogande","status":"publish","type":"post","link":"https:\/\/linitiative.ca\/International\/des-hommes-armes-se-signalent-dans-certains-quartiers-de-bogande\/","title":{"rendered":"Des hommes arm\u00e9s se signalent dans certains quartiers de Bogand\u00e9."},"content":{"rendered":"<div>\n<div class=\"kvgmc6g5 cxmmr5t8 oygrvhab hcukyx3x c1et5uql ii04i59q\">\n<div dir=\"auto\">Ouagadougou, 06 mai. 2022 (AIB)- Des Hommes arm\u00e9s non identifi\u00e9s (HANI) se sont signal\u00e9s dans la soir\u00e9e du vendredi 6 mai 2022 dans pr\u00e8s de quatre quartiers de la ville de Bogand\u00e9, chef lieu de la province de la Gnagna, a-t-on appris de sources locales.<\/div>\n<\/div>\n<div class=\"cxmmr5t8 oygrvhab hcukyx3x c1et5uql o9v6fnle ii04i59q\">\n<div dir=\"auto\">Selon les informations concordantes parvenues \u00e0 l\u2019AIB, ces HANI sont pass\u00e9s, dans la soir\u00e9e du vendredi 06 mai 2022, autour de 17 heures 30, dans le quartier Folbongou sis au secteur 3 de Bogand\u00e9. Sur leur chemin, ils ont appr\u00e9hend\u00e9 des \u00e9l\u00e8ves en classes d\u2019examen isol\u00e9s pour \u00e9tudier. Ces derniers ont vu leurs cahiers d\u00e9chir\u00e9s.<\/div>\n<\/div>\n<div class=\"cxmmr5t8 oygrvhab hcukyx3x c1et5uql o9v6fnle ii04i59q\">\n<div dir=\"auto\">Deux individus arm\u00e9s ont \u00e9t\u00e9 \u00e9galement appercus dans le petit march\u00e9 de Badori,un quartier du secteur 4. L\u00e0, ils auraient v\u00e9rifi\u00e9 l\u2019identit\u00e9 d\u2019un habitant. Contrairement aux informations qui circulent sur les r\u00e9seaux sociaux, aucun travailleur de l\u2019\u00c9tat n\u2019a \u00e9t\u00e9 enlev\u00e9 dans cette localit\u00e9, foi d\u2019une source proche de la suppos\u00e9e victime.<\/div>\n<\/div>\n<div class=\"cxmmr5t8 oygrvhab hcukyx3x c1et5uql o9v6fnle ii04i59q\">\n<div dir=\"auto\">La balade des HANI s\u2019est poursuivie \u00e0 Balindi, un quartier du secteur 5 .<\/div>\n<\/div>\n<div class=\"cxmmr5t8 oygrvhab hcukyx3x c1et5uql o9v6fnle ii04i59q\">\n<div dir=\"auto\">Apr\u00e8s avoir forc\u00e9 les portes et fen\u00eatres de l\u2019\u00e9cole du quartier, ils se sont entretenus avec les habitants.<\/div>\n<\/div>\n<div class=\"cxmmr5t8 oygrvhab hcukyx3x c1et5uql o9v6fnle ii04i59q\">\n<div dir=\"auto\">Ils les ont invit\u00e9s \u00e0 se convertir et de ne pas collaborer avec les FDS. Ils ont aussi exig\u00e9 la fermeture de l\u2019\u00e9cole.<\/div>\n<\/div>\n<div class=\"cxmmr5t8 oygrvhab hcukyx3x c1et5uql o9v6fnle ii04i59q\">\n<div dir=\"auto\">Dans le quartier d\u00e9nomm\u00e9 Diepedouondi sis au secteur 1 et plus loin dans le yaar de Nagar\u00e9, des boissons alcoolis\u00e9es ont \u00e9t\u00e9 d\u00e9truites.<\/div>\n<\/div>\n<div class=\"cxmmr5t8 oygrvhab hcukyx3x c1et5uql o9v6fnle ii04i59q\">\n<div dir=\"auto\">Ils sont partis par la suite pour une direction inconnue.<\/div>\n<\/div>\n<div class=\"cxmmr5t8 oygrvhab hcukyx3x c1et5uql o9v6fnle ii04i59q\">\n<div dir=\"auto\">Au moment o\u00f9 nous tra\u00e7ons ses lignes , une source locale nous a confi\u00e9 qu\u2019au cours de cette m\u00eame journ\u00e9e du 6 mai 2022, des individus arm\u00e9s ont caus\u00e9 des d\u00e9g\u00e2ts mat\u00e9riels \u00e0 Coalla.<\/div>\n<\/div>\n<div class=\"cxmmr5t8 oygrvhab hcukyx3x c1et5uql o9v6fnle ii04i59q\">\n<div dir=\"auto\">A Ni\u00e9ba, l\u2019\u00e9cole primaire et le CEG et les pyl\u00f4nes de l\u2019antenne t\u00e9l\u00e9phonique ont \u00e9t\u00e9 incendi\u00e9s.<\/div>\n<\/div>\n<div class=\"cxmmr5t8 oygrvhab hcukyx3x c1et5uql o9v6fnle ii04i59q\">\n<div dir=\"auto\">A Coalla centre se sont la pr\u00e9fecture, le CEG, une caisse d\u2019\u00e9pargne et de cr\u00e9dit appartenant \u00e0 une association qui ont \u00e9t\u00e9 incendi\u00e9es puis les pyl\u00f4nes de l\u2019antenne t\u00e9l\u00e9phonique sabot\u00e9s.<\/div>\n<\/div>\n<div class=\"cxmmr5t8 oygrvhab hcukyx3x c1et5uql o9v6fnle ii04i59q\">\n<div dir=\"auto\">\u00ab\u00a0Apr\u00e8s leur forfait ils ont fait des pr\u00eaches\u00a0\u00bb apprend t-on<\/div>\n<\/div>\n<div class=\"cxmmr5t8 oygrvhab hcukyx3x c1et5uql o9v6fnle ii04i59q\">\n<div dir=\"auto\">Agence d\u2019information du Burkina<\/div>\n<\/div>\n<\/div>\n<p>Auteur: BS. Sidwaya<br \/>\n<a href=\"https:\/\/www.sidwaya.info\/blog\/2022\/05\/07\/des-hommes-armes-se-signalent-dans-certains-quartiers-de-bogande\/\">Cliquez ici pour lire l&rsquo;article depuis sa source.<\/a><\/p>\n","protected":false},"excerpt":{"rendered":"<p>Ouagadougou, 06 mai. 2022 (AIB)- Des Hommes arm\u00e9s non identifi\u00e9s (HANI) se sont signal\u00e9s dans la soir\u00e9e du vendredi 6 mai 2022 dans pr\u00e8s de quatre quartiers de la ville de Bogand\u00e9, chef lieu de la province de la Gnagna, a-t-on appris de sources locales. Selon les informations concordantes parvenues \u00e0 l\u2019AIB, ces HANI sont [&hellip;]<\/p>\n","protected":false},"author":1816,"featured_media":0,"comment_status":"closed","ping_status":"closed","sticky":false,"template":"","format":"standard","meta":{"fifu_image_url":"","fifu_image_alt":"","footnotes":""},"categories":[73,81],"tags":[],"class_list":["post-147180","post","type-post","status-publish","format-standard","hentry","category-actualite","category-burkina-faso"],"_links":{"self":[{"href":"https:\/\/linitiative.ca\/International\/wp-json\/wp\/v2\/posts\/147180","targetHints":{"allow":["GET"]}}],"collection":[{"href":"https:\/\/linitiative.ca\/International\/wp-json\/wp\/v2\/posts"}],"about":[{"href":"https:\/\/linitiative.ca\/International\/wp-json\/wp\/v2\/types\/post"}],"author":[{"embeddable":true,"href":"https:\/\/linitiative.ca\/International\/wp-json\/wp\/v2\/users\/1816"}],"replies":[{"embeddable":true,"href":"https:\/\/linitiative.ca\/International\/wp-json\/wp\/v2\/comments?post=147180"}],"version-history":[{"count":0,"href":"https:\/\/linitiative.ca\/International\/wp-json\/wp\/v2\/posts\/147180\/revisions"}],"wp:attachment":[{"href":"https:\/\/linitiative.ca\/International\/wp-json\/wp\/v2\/media?parent=147180"}],"wp:term":[{"taxonomy":"category","embeddable":true,"href":"https:\/\/linitiative.ca\/International\/wp-json\/wp\/v2\/categories?post=147180"},{"taxonomy":"post_tag","embeddable":true,"href":"https:\/\/linitiative.ca\/International\/wp-json\/wp\/v2\/tags?post=147180"}],"curies":[{"name":"wp","href":"https:\/\/api.w.org\/{rel}","templated":true}]}}