{"id":147181,"date":"2022-05-07T13:18:02","date_gmt":"2022-05-07T17:18:02","guid":{"rendered":"https:\/\/linitiative.ca\/International\/guinee-linculpation-dalpha-conde-nest-pas-un-calcul-politique-politologue\/"},"modified":"2022-05-07T13:18:02","modified_gmt":"2022-05-07T17:18:02","slug":"guinee-linculpation-dalpha-conde-nest-pas-un-calcul-politique-politologue","status":"publish","type":"post","link":"https:\/\/linitiative.ca\/International\/guinee-linculpation-dalpha-conde-nest-pas-un-calcul-politique-politologue\/","title":{"rendered":"Guin\u00e9e : l\u2019inculpation d\u2019Alpha Cond\u00e9 n\u2019est pas un calcul politique (politologue)"},"content":{"rendered":"<div>\n<p><img decoding=\"async\" width=\"635\" height=\"475\" src=\"https:\/\/linitiative.ca\/International\/wp-content\/uploads\/sites\/23\/2022\/05\/16519438838061.jpg\" class=\"attachment-post-thumbnail size-post-thumbnail wp-post-image\" alt=\"\" loading=\"lazy\" srcset=\"https:\/\/linitiative.ca\/International\/wp-content\/uploads\/sites\/23\/2022\/05\/16519438838061.jpg 635w, https:\/\/www.journalducameroun.com\/wp-content\/uploads\/2022\/05\/16519438838061-300x224.jpg 300w, https:\/\/www.journalducameroun.com\/wp-content\/uploads\/2022\/05\/16519438838061-588x440.jpg 588w, https:\/\/www.journalducameroun.com\/wp-content\/uploads\/2022\/05\/16519438838061-600x449.jpg 600w\" sizes=\"auto, (max-width: 635px) 100vw, 635px\"><\/p>\n<p>Les poursuites judiciaires engag\u00e9es contre l&rsquo;ex-pr\u00e9sident guin\u00e9en ne visent pas \u00e0 noyer les divergences sur la transition, selon le directeur de l&rsquo;Association guin\u00e9enne de Sciences politiques, Kabinet Fofana, interrog\u00e9 par APA.Que reproche la justice guin\u00e9enne \u00e0 Alpha Cond\u00e9 ?<\/p>\n<p>Ces poursuites portent essentiellement sur des crimes \u00e9conomiques et financiers, mais surtout sur des crimes de sang qui font suite \u00e0 une plainte d\u00e9pos\u00e9e par les avocats du Front national pour la d\u00e9fense de la constitution (FNDC). Ces griefs ne sont pas seulement contre Alpha Cond\u00e9, mais contre tous ceux qui ont directement ou indirectement jou\u00e9 un r\u00f4le dans le processus de modification de la Constitution qui lui a permis de briguer un troisi\u00e8me mandat. Selon le raisonnement du FNDC, toutes ces personnes doivent r\u00e9pondre de leurs actes du fait des violences qui ont \u00e9t\u00e9 subies et des autres actes qui ont concouru \u00e0 ces crimes de sang.<\/p>\n<p>Pourquoi les nouvelles autorit\u00e9s ont attendu ce moment pour d\u00e9clencher les poursuites \u00e0 son \u00e9gard ?<\/p>\n<p>C&rsquo;est une question \u00e0 laquelle il est difficile de r\u00e9pondre. Ce qui me semble pertinent, ce n&rsquo;est pas de savoir pourquoi ce moment pr\u00e9cis. G\u00e9n\u00e9ralement, une telle question sous-entend l&rsquo;existence ou non d&rsquo;un calendrier cach\u00e9. D&rsquo;aucuns pourraient se demander si, en donnant une suite favorable \u00e0 une revendication du FNDC, cela n&rsquo;am\u00e8nerait pas celui-ci \u00e0 \u00e9dulcorer un peu sa position vis-\u00e0-vis du pouvoir notamment sur la question de la dur\u00e9e de la transition et de l&rsquo;illisibilit\u00e9 de celle-ci. Mais cette crainte est \u00e0 balayer parce que ces poursuites ne changeront pas la position du FNDC par rapport \u00e0 la transition. S\u00e9kou Koundouno, qui est le responsable de la strat\u00e9gie de ce mouvement, a d&rsquo;ailleurs bien dit que ce sont deux choses distinctes. Alors je ne pense pas qu&rsquo;il y ait un timing qui soit calcul\u00e9 politiquement. Je crois juste que les plaintes d\u00e9pos\u00e9es par le FNDC rencontrent la conviction du Procureur qui a d\u00e9clench\u00e9 \u00a0les poursuites judiciaires.<\/p>\n<p>Donc, pour vous, cette inculpation n&rsquo;est pas une fa\u00e7on de noyer les divergences sur la mani\u00e8re de conduire la transition, et notamment sa dur\u00e9e fix\u00e9e \u00e0 39 mois par la junte ?<\/p>\n<p>Je ne le crois pas. Et m\u00eame si c&rsquo;\u00e9tait fait \u00e0 dessein, je ne vois pas pourquoi cela amuserait les acteurs politiques. Encore qu&rsquo;il faut consid\u00e9rer ceci comme un timing de la justice qui est diff\u00e9rent de celui mis en place par le minist\u00e8re de l&rsquo;Administration du territoire qui, lui, est d&rsquo;ordre politique. Le distinguo me semble important pour avoir une meilleure compr\u00e9hension de ces deux questions qui ne me paraissent pas interconnect\u00e9es comme on pourrait le croire.<\/p>\n<p>Comment cette d\u00e9cision a \u00e9t\u00e9 accueillie par l&rsquo;opinion publique guin\u00e9enne ?<\/p>\n<p>La compr\u00e9hension de l&rsquo;opinion guin\u00e9enne d&rsquo;un m\u00eame sujet peut \u00eatre assez plurielle. En ce qui concerne ce cas-ci, vous avez ceux qui sont proches de l&rsquo;ancienne opposition qui estiment que c&rsquo;est une tr\u00e8s bonne chose. Et de l&rsquo;autre c\u00f4t\u00e9, il y a les partisans d&rsquo;Alpha Cond\u00e9 qui naturellement ne partagent pas cet avis. Mais, d&rsquo;une mani\u00e8re g\u00e9n\u00e9rale, les Guin\u00e9ens ont bien envie de savoir davantage les actions des uns et des autres sur les diff\u00e9rents crimes \u00e9voqu\u00e9s pr\u00e9c\u00e9demment. Mais encore une fois, ce ne sont pas des avis cristallis\u00e9s. Ils sont assez parcellaires et varient d&rsquo;une opinion politis\u00e9e \u00e0 une opinion g\u00e9n\u00e9rale.<\/p>\n<p>Jusqu&rsquo;o\u00f9 pourraient aller \u00e9ventuellement ces poursuites ?<\/p>\n<p>A ce moment de la proc\u00e9dure, ce sont les instructions qui vont \u00eatre ouvertes. Ce travail permettra de savoir si les accusations sont fond\u00e9es ou pas. Nous verrons apr\u00e8s ce que cela va donner. Je crois que c&rsquo;est une tr\u00e8s longue proc\u00e9dure qui s&rsquo;ouvre et elle va certainement durer des mois. G\u00e9n\u00e9ralement, ces types d&rsquo;actions se font sur la dur\u00e9e surtout qu&rsquo;il s&rsquo;agit, ici, de crimes de sang. Ces derniers sont difficilement traitables sur un temps court. Mais on verra si les choses vont aller aussi rapidement que nous le souhaitons. De toute fa\u00e7on, le plus important est l&rsquo;ouverture des poursuites et la justice va tranquillement faire son travail.<\/p>\n<p>Cet article <a rel=\"nofollow\" href=\"https:\/\/www.journalducameroun.com\/guinee-linculpation-dalpha-conde-nest-pas-un-calcul-politique-politologue\/\">Guin\u00e9e : l\u2019inculpation d\u2019Alpha Cond\u00e9 n\u2019est pas un calcul politique (politologue)<\/a> est apparu en premier sur <a rel=\"nofollow\" href=\"https:\/\/www.journalducameroun.com\/\">Journal du Cameroun<\/a>.<\/p>\n<\/div>\n<p>Auteur: APA News<br \/>\n<a href=\"https:\/\/www.journalducameroun.com\/guinee-linculpation-dalpha-conde-nest-pas-un-calcul-politique-politologue\/\">Cliquez ici pour lire l&rsquo;article depuis sa source.<\/a><\/p>\n","protected":false},"excerpt":{"rendered":"<p>Les poursuites judiciaires engag\u00e9es contre l&rsquo;ex-pr\u00e9sident guin\u00e9en ne visent pas \u00e0 noyer les divergences sur la transition, selon le directeur de l&rsquo;Association guin\u00e9enne de Sciences politiques, Kabinet Fofana, interrog\u00e9 par APA.Que reproche la justice guin\u00e9enne \u00e0 Alpha Cond\u00e9 ? Ces poursuites portent essentiellement sur des crimes \u00e9conomiques et financiers, mais surtout sur des crimes de [&hellip;]<\/p>\n","protected":false},"author":1965,"featured_media":0,"comment_status":"closed","ping_status":"closed","sticky":false,"template":"","format":"standard","meta":{"fifu_image_url":"https:\/\/www.journalducameroun.com\/wp-content\/uploads\/2022\/05\/16519438838061.jpg","fifu_image_alt":"Guin\u00e9e : l\u2019inculpation d\u2019Alpha Cond\u00e9 n\u2019est pas un calcul politique (politologue)","footnotes":""},"categories":[73,82],"tags":[],"class_list":["post-147181","post","type-post","status-publish","format-standard","hentry","category-actualite","category-cameroun"],"_links":{"self":[{"href":"https:\/\/linitiative.ca\/International\/wp-json\/wp\/v2\/posts\/147181","targetHints":{"allow":["GET"]}}],"collection":[{"href":"https:\/\/linitiative.ca\/International\/wp-json\/wp\/v2\/posts"}],"about":[{"href":"https:\/\/linitiative.ca\/International\/wp-json\/wp\/v2\/types\/post"}],"author":[{"embeddable":true,"href":"https:\/\/linitiative.ca\/International\/wp-json\/wp\/v2\/users\/1965"}],"replies":[{"embeddable":true,"href":"https:\/\/linitiative.ca\/International\/wp-json\/wp\/v2\/comments?post=147181"}],"version-history":[{"count":0,"href":"https:\/\/linitiative.ca\/International\/wp-json\/wp\/v2\/posts\/147181\/revisions"}],"wp:attachment":[{"href":"https:\/\/linitiative.ca\/International\/wp-json\/wp\/v2\/media?parent=147181"}],"wp:term":[{"taxonomy":"category","embeddable":true,"href":"https:\/\/linitiative.ca\/International\/wp-json\/wp\/v2\/categories?post=147181"},{"taxonomy":"post_tag","embeddable":true,"href":"https:\/\/linitiative.ca\/International\/wp-json\/wp\/v2\/tags?post=147181"}],"curies":[{"name":"wp","href":"https:\/\/api.w.org\/{rel}","templated":true}]}}