{"id":147183,"date":"2022-05-07T14:18:03","date_gmt":"2022-05-07T18:18:03","guid":{"rendered":"https:\/\/linitiative.ca\/International\/egypte-11-militaires-tues-dans-une-attaque-djihadiste\/"},"modified":"2022-05-07T14:18:03","modified_gmt":"2022-05-07T18:18:03","slug":"egypte-11-militaires-tues-dans-une-attaque-djihadiste","status":"publish","type":"post","link":"https:\/\/linitiative.ca\/International\/egypte-11-militaires-tues-dans-une-attaque-djihadiste\/","title":{"rendered":"\u00c9gypte : 11 militaires tu\u00e9s dans une attaque djihadiste\u00a0"},"content":{"rendered":"<div>\n<p><img decoding=\"async\" width=\"1005\" height=\"639\" src=\"https:\/\/linitiative.ca\/International\/wp-content\/uploads\/sites\/23\/2022\/05\/16519474849897.jpg\" class=\"attachment-post-thumbnail size-post-thumbnail wp-post-image\" alt=\"\" loading=\"lazy\" srcset=\"https:\/\/linitiative.ca\/International\/wp-content\/uploads\/sites\/23\/2022\/05\/16519474849897.jpg 1005w, https:\/\/www.journalducameroun.com\/wp-content\/uploads\/2022\/05\/16519474849897-300x191.jpg 300w, https:\/\/www.journalducameroun.com\/wp-content\/uploads\/2022\/05\/16519474849897-768x488.jpg 768w, https:\/\/www.journalducameroun.com\/wp-content\/uploads\/2022\/05\/16519474849897-692x440.jpg 692w, https:\/\/www.journalducameroun.com\/wp-content\/uploads\/2022\/05\/16519474849897-600x381.jpg 600w\" sizes=\"auto, (max-width: 1005px) 100vw, 1005px\"><\/p>\n<p>Par Mohamed Fayed &#8212; Onze militaires, dont un officier, ont \u00e9t\u00e9 tu\u00e9s samedi en \u00c9gypte en d\u00e9jouant une attaque \u00ab terroriste \u00bb \u00e0 proximit\u00e9 du canal de Suez dans le Sina\u00ef, p\u00e9ninsule du nord-est du pays en proie \u00e0 une insurrection djihadiste, a rapport\u00e9 l&rsquo;arm\u00e9e dans un communiqu\u00e9.\u00a0Les soldats \u00ab continuent de poursuivre et d&rsquo;encercler les terroristes \u00bb dans les combats qui se sont d\u00e9plac\u00e9s vers \u00ab une r\u00e9gion isol\u00e9e du Sina\u00ef \u00bb.<\/p>\n<p>L&rsquo;arm\u00e9e et la police ont lanc\u00e9 en f\u00e9vrier 2018 une vaste op\u00e9ration \u00ab antiterroriste \u00bb dans la p\u00e9ninsule du Sina\u00ef o\u00f9 s\u00e9vissent des cellules radicales dont certaines ayant fait all\u00e9geance au groupe djihadiste \u00c9tat islamique (EI). Elles combattent \u00e9galement des insurg\u00e9s radicaux dans le d\u00e9sert occidental, entre la vall\u00e9e du Nil et la fronti\u00e8re avec la Libye. \u00a0<\/p>\n<p>Dans le Sina\u00ef, les attaques se concentrent particuli\u00e8rement sur un point : les ol\u00e9oducs et gazoducs qui approvisionnent Isra\u00ebl et la Jordanie.<\/p>\n<p>Cet article <a rel=\"nofollow\" href=\"https:\/\/www.journalducameroun.com\/egypte-11-militaires-tues-dans-une-attaque-djihadiste\/\">\u00c9gypte : 11 militaires tu\u00e9s dans une attaque djihadiste\u00a0<\/a> est apparu en premier sur <a rel=\"nofollow\" href=\"https:\/\/www.journalducameroun.com\/\">Journal du Cameroun<\/a>.<\/p>\n<\/div>\n<p>Auteur: APA News<br \/>\n<a href=\"https:\/\/www.journalducameroun.com\/egypte-11-militaires-tues-dans-une-attaque-djihadiste\/\">Cliquez ici pour lire l&rsquo;article depuis sa source.<\/a><\/p>\n","protected":false},"excerpt":{"rendered":"<p>Par Mohamed Fayed &#8212; Onze militaires, dont un officier, ont \u00e9t\u00e9 tu\u00e9s samedi en \u00c9gypte en d\u00e9jouant une attaque \u00ab terroriste \u00bb \u00e0 proximit\u00e9 du canal de Suez dans le Sina\u00ef, p\u00e9ninsule du nord-est du pays en proie \u00e0 une insurrection djihadiste, a rapport\u00e9 l&rsquo;arm\u00e9e dans un communiqu\u00e9.\u00a0Les soldats \u00ab continuent de poursuivre et d&rsquo;encercler [&hellip;]<\/p>\n","protected":false},"author":1965,"featured_media":0,"comment_status":"closed","ping_status":"closed","sticky":false,"template":"","format":"standard","meta":{"fifu_image_url":"https:\/\/www.journalducameroun.com\/wp-content\/uploads\/2022\/05\/16519474849897.jpg","fifu_image_alt":"\u00c9gypte : 11 militaires tu\u00e9s dans une attaque djihadiste\u00a0","footnotes":""},"categories":[73,82],"tags":[],"class_list":["post-147183","post","type-post","status-publish","format-standard","hentry","category-actualite","category-cameroun"],"_links":{"self":[{"href":"https:\/\/linitiative.ca\/International\/wp-json\/wp\/v2\/posts\/147183","targetHints":{"allow":["GET"]}}],"collection":[{"href":"https:\/\/linitiative.ca\/International\/wp-json\/wp\/v2\/posts"}],"about":[{"href":"https:\/\/linitiative.ca\/International\/wp-json\/wp\/v2\/types\/post"}],"author":[{"embeddable":true,"href":"https:\/\/linitiative.ca\/International\/wp-json\/wp\/v2\/users\/1965"}],"replies":[{"embeddable":true,"href":"https:\/\/linitiative.ca\/International\/wp-json\/wp\/v2\/comments?post=147183"}],"version-history":[{"count":0,"href":"https:\/\/linitiative.ca\/International\/wp-json\/wp\/v2\/posts\/147183\/revisions"}],"wp:attachment":[{"href":"https:\/\/linitiative.ca\/International\/wp-json\/wp\/v2\/media?parent=147183"}],"wp:term":[{"taxonomy":"category","embeddable":true,"href":"https:\/\/linitiative.ca\/International\/wp-json\/wp\/v2\/categories?post=147183"},{"taxonomy":"post_tag","embeddable":true,"href":"https:\/\/linitiative.ca\/International\/wp-json\/wp\/v2\/tags?post=147183"}],"curies":[{"name":"wp","href":"https:\/\/api.w.org\/{rel}","templated":true}]}}