{"id":147192,"date":"2022-05-07T13:14:12","date_gmt":"2022-05-07T17:14:12","guid":{"rendered":"https:\/\/linitiative.ca\/International\/operation-marhaba-2022-32-navires-mobilises-sur-lensemble-des-lignes-maritimes\/"},"modified":"2022-05-07T13:14:12","modified_gmt":"2022-05-07T17:14:12","slug":"operation-marhaba-2022-32-navires-mobilises-sur-lensemble-des-lignes-maritimes","status":"publish","type":"post","link":"https:\/\/linitiative.ca\/International\/operation-marhaba-2022-32-navires-mobilises-sur-lensemble-des-lignes-maritimes\/","title":{"rendered":"Op\u00e9ration Marhaba 2022: 32 navires mobilis\u00e9s sur l\u2019ensemble des lignes maritimes"},"content":{"rendered":"<div>\n<p><img decoding=\"async\" width=\"300\" height=\"153\" src=\"https:\/\/linitiative.ca\/International\/wp-content\/uploads\/sites\/23\/2022\/05\/MRE-operation-Marhaba-300x153-1.jpg\" class=\"attachment-medium size-medium wp-post-image\" alt=\"\" loading=\"lazy\" srcset=\"https:\/\/linitiative.ca\/International\/wp-content\/uploads\/sites\/23\/2022\/05\/MRE-operation-Marhaba-300x153-1.jpg 300w, https:\/\/aujourdhui.ma\/wp-content\/uploads\/2022\/01\/MRE-operation-Marhaba-274x140.jpg 274w, https:\/\/aujourdhui.ma\/wp-content\/uploads\/2022\/01\/MRE-operation-Marhaba.jpg 746w, https:\/\/aujourdhui.ma\/wp-content\/uploads\/2022\/01\/MRE-operation-Marhaba-165x84.jpg 165w, https:\/\/aujourdhui.ma\/wp-content\/uploads\/2022\/01\/MRE-operation-Marhaba-702x358.jpg 702w\" sizes=\"auto, (max-width: 300px) 100vw, 300px\"><\/p>\n<p><span style=\"font-size: 20px; color: #800000;\"><strong>En pr\u00e9vision du lancement de l\u2019op\u00e9ration Marhaba 2022, un total de 32 navires a \u00e9t\u00e9 mobilis\u00e9 sur l\u2019ensemble des lignes maritimes reliant les ports marocains aux ports espagnols, fran\u00e7ais et italiens, indique samedi le minist\u00e8re du Transport et de la Logistique.<\/strong><\/span><span id=\"more-407153\"><\/span><\/p>\n<p>Ces navires auront une capacit\u00e9 totale d\u2019environ 478.000 passagers et 123.000 voitures, \u00e0 travers 571 voyages hebdomadaires, pr\u00e9cise le minist\u00e8re dans un communiqu\u00e9, \u00e0 l\u2019issue de la r\u00e9union de la Commission mixte maroco-espagnole de transit des Marocains R\u00e9sidant \u00e0 l\u2019\u00c9tranger (MRE), tenue jeudi \u00e0 Rabat, au cours de laquelle il a \u00e9t\u00e9 convenu de mettre en place les dispositifs n\u00e9cessaires pour assurer la fluidit\u00e9 des d\u00e9placements et la mise \u00e0 niveau de la qualit\u00e9 des services offerts aux MRE.<\/p>\n<p>Les lignes maritimes avec l\u2019Espagne, qui repr\u00e9sente 95% du trafic de passagers, conna\u00eetront l\u2019affectation de 23 navires, dont 14 destin\u00e9s aux passagers sur la ligne principale Tanger Med \u2013 Alg\u00e9siras, en plus de deux navires d\u00e9di\u00e9s au transport de marchandises (camions), note le communiqu\u00e9, ajoutant que ces navires permettent d\u2019assurer 47 voyages quotidiens, avec une capacit\u00e9 d\u2019environ 40.000 passagers et 11.000 voitures, soit une augmentation de 4% par rapport \u00e0 2019.<\/p>\n<p>La r\u00e9servation des billets sera \u00e9galement adopt\u00e9e sur toutes les lignes maritimes concern\u00e9es par l\u2019op\u00e9ration Marhaba 2022, y compris les deux lignes \u00ab\u00a0Tanger Med\/Alg\u00e9siras\u00a0\u00bb et \u00ab\u00a0Tanger ville\/Tarifa\u00a0\u00bb, afin d\u2019arr\u00eater le nombre de passagers et de prendre les mesures n\u00e9cessaires pour assurer une circulation fluide entre les deux rives, souligne le minist\u00e8re.<\/p>\n<p>Selon la m\u00eame source, l\u2019op\u00e9ration Marhaba constitue une priorit\u00e9 pour le minist\u00e8re du Transport et de la Logistique qui veille \u00e0 la mise en place des conditions n\u00e9cessaires \u00e0 sa r\u00e9ussite en coordination avec les diff\u00e9rentes parties, dans le cadre de la Commission maritime mixte maroco-espagnole, la Commission nationale charg\u00e9e de l\u2019op\u00e9ration Marhaba, et les compagnies maritimes concern\u00e9es par cette op\u00e9ration.<\/p>\n<\/div>\n<p>Auteur: ALM<br \/>\n<a href=\"https:\/\/aujourdhui.ma\/societe\/operation-marhaba-2022-32-navires-mobilises-sur-lensemble-des-lignes-maritimes\">Cliquez ici pour lire l&rsquo;article depuis sa source.<\/a><\/p>\n","protected":false},"excerpt":{"rendered":"<p>En pr\u00e9vision du lancement de l\u2019op\u00e9ration Marhaba 2022, un total de 32 navires a \u00e9t\u00e9 mobilis\u00e9 sur l\u2019ensemble des lignes maritimes reliant les ports marocains aux ports espagnols, fran\u00e7ais et italiens, indique samedi le minist\u00e8re du Transport et de la Logistique. Ces navires auront une capacit\u00e9 totale d\u2019environ 478.000 passagers et 123.000 voitures, \u00e0 travers [&hellip;]<\/p>\n","protected":false},"author":1759,"featured_media":0,"comment_status":"closed","ping_status":"closed","sticky":false,"template":"","format":"standard","meta":{"fifu_image_url":"https:\/\/aujourdhui.ma\/wp-content\/uploads\/2022\/01\/MRE-operation-Marhaba-300x153.jpg","fifu_image_alt":"Op\u00e9ration Marhaba 2022: 32 navires mobilis\u00e9s sur l\u2019ensemble des lignes maritimes","footnotes":""},"categories":[73,54],"tags":[],"class_list":["post-147192","post","type-post","status-publish","format-standard","hentry","category-actualite","category-maroc"],"_links":{"self":[{"href":"https:\/\/linitiative.ca\/International\/wp-json\/wp\/v2\/posts\/147192","targetHints":{"allow":["GET"]}}],"collection":[{"href":"https:\/\/linitiative.ca\/International\/wp-json\/wp\/v2\/posts"}],"about":[{"href":"https:\/\/linitiative.ca\/International\/wp-json\/wp\/v2\/types\/post"}],"author":[{"embeddable":true,"href":"https:\/\/linitiative.ca\/International\/wp-json\/wp\/v2\/users\/1759"}],"replies":[{"embeddable":true,"href":"https:\/\/linitiative.ca\/International\/wp-json\/wp\/v2\/comments?post=147192"}],"version-history":[{"count":0,"href":"https:\/\/linitiative.ca\/International\/wp-json\/wp\/v2\/posts\/147192\/revisions"}],"wp:attachment":[{"href":"https:\/\/linitiative.ca\/International\/wp-json\/wp\/v2\/media?parent=147192"}],"wp:term":[{"taxonomy":"category","embeddable":true,"href":"https:\/\/linitiative.ca\/International\/wp-json\/wp\/v2\/categories?post=147192"},{"taxonomy":"post_tag","embeddable":true,"href":"https:\/\/linitiative.ca\/International\/wp-json\/wp\/v2\/tags?post=147192"}],"curies":[{"name":"wp","href":"https:\/\/api.w.org\/{rel}","templated":true}]}}