{"id":147238,"date":"2022-05-08T15:50:33","date_gmt":"2022-05-08T19:50:33","guid":{"rendered":"https:\/\/linitiative.ca\/International\/tunisie-le-ministre-de-linterieur-appelle-a-soutenir-kais-saied\/"},"modified":"2022-05-08T15:50:33","modified_gmt":"2022-05-08T19:50:33","slug":"tunisie-le-ministre-de-linterieur-appelle-a-soutenir-kais-saied","status":"publish","type":"post","link":"https:\/\/linitiative.ca\/International\/tunisie-le-ministre-de-linterieur-appelle-a-soutenir-kais-saied\/","title":{"rendered":"Tunisie \u2013 Le ministre de l\u2019int\u00e9rieur appelle \u00e0 soutenir Ka\u00efs Sa\u00efed"},"content":{"rendered":"<div>\n<p>Le ministre de l\u2019int\u00e9rieur, Taoufik Charfeddine, s\u2019est d\u00e9plac\u00e9, ce dimanche, \u00e0 la rencontre des manifestants, pro-Ka\u00efs Sa\u00efed, \u00e0 l\u2019avenue Bourguiba. Il a appel\u00e9 les tunisiens \u00e0 soutenir fermement le pr\u00e9sident de la R\u00e9publique, Ka\u00efs Sa\u00efed, qui veut, selon sa d\u00e9claration, instaurer de vraies institutions de l\u2019Etat d\u00e9mocratique, pas une d\u00e9mocratie vide et sans sens.<\/p>\n<p>L\u2019article <a href=\"https:\/\/www.tunisienumerique.com\/tunisie-le-ministre-de-linterieur-appelle-a-soutenir-kais-saied\/\">Tunisie \u2013 Le ministre de l\u2019int\u00e9rieur appelle \u00e0 soutenir Ka\u00efs Sa\u00efed<\/a> est apparu en premier sur <a href=\"https:\/\/www.tunisienumerique.com\/\">Tunisie<\/a>.<\/p>\n<\/div>\n<p>Auteur: LM<br \/>\n<a href=\"https:\/\/www.tunisienumerique.com\/tunisie-le-ministre-de-linterieur-appelle-a-soutenir-kais-saied\/\">Cliquez ici pour lire l&rsquo;article depuis sa source.<\/a><\/p>\n","protected":false},"excerpt":{"rendered":"<p>Le ministre de l\u2019int\u00e9rieur, Taoufik Charfeddine, s\u2019est d\u00e9plac\u00e9, ce dimanche, \u00e0 la rencontre des manifestants, pro-Ka\u00efs Sa\u00efed, \u00e0 l\u2019avenue Bourguiba. Il a appel\u00e9 les tunisiens \u00e0 soutenir fermement le pr\u00e9sident de la R\u00e9publique, Ka\u00efs Sa\u00efed, qui veut, selon sa d\u00e9claration, instaurer de vraies institutions de l\u2019Etat d\u00e9mocratique, pas une d\u00e9mocratie vide et sans sens. L\u2019article [&hellip;]<\/p>\n","protected":false},"author":1789,"featured_media":0,"comment_status":"closed","ping_status":"closed","sticky":false,"template":"","format":"standard","meta":{"fifu_image_url":"","fifu_image_alt":"","footnotes":""},"categories":[73,55],"tags":[],"class_list":["post-147238","post","type-post","status-publish","format-standard","hentry","category-actualite","category-tunisie"],"_links":{"self":[{"href":"https:\/\/linitiative.ca\/International\/wp-json\/wp\/v2\/posts\/147238","targetHints":{"allow":["GET"]}}],"collection":[{"href":"https:\/\/linitiative.ca\/International\/wp-json\/wp\/v2\/posts"}],"about":[{"href":"https:\/\/linitiative.ca\/International\/wp-json\/wp\/v2\/types\/post"}],"author":[{"embeddable":true,"href":"https:\/\/linitiative.ca\/International\/wp-json\/wp\/v2\/users\/1789"}],"replies":[{"embeddable":true,"href":"https:\/\/linitiative.ca\/International\/wp-json\/wp\/v2\/comments?post=147238"}],"version-history":[{"count":0,"href":"https:\/\/linitiative.ca\/International\/wp-json\/wp\/v2\/posts\/147238\/revisions"}],"wp:attachment":[{"href":"https:\/\/linitiative.ca\/International\/wp-json\/wp\/v2\/media?parent=147238"}],"wp:term":[{"taxonomy":"category","embeddable":true,"href":"https:\/\/linitiative.ca\/International\/wp-json\/wp\/v2\/categories?post=147238"},{"taxonomy":"post_tag","embeddable":true,"href":"https:\/\/linitiative.ca\/International\/wp-json\/wp\/v2\/tags?post=147238"}],"curies":[{"name":"wp","href":"https:\/\/api.w.org\/{rel}","templated":true}]}}