{"id":14724,"date":"2019-02-16T08:46:28","date_gmt":"2019-02-16T13:46:28","guid":{"rendered":"https:\/\/linitiative.ca\/International\/85628-complexe-sportif-d-oran-possible-reconversion-du-bassin-de-plongeur-en-bassin-de-water-polo\/"},"modified":"2019-02-16T08:46:28","modified_gmt":"2019-02-16T13:46:28","slug":"85628-complexe-sportif-d-oran-possible-reconversion-du-bassin-de-plongeur-en-bassin-de-water-polo","status":"publish","type":"post","link":"https:\/\/linitiative.ca\/International\/85628-complexe-sportif-d-oran-possible-reconversion-du-bassin-de-plongeur-en-bassin-de-water-polo\/","title":{"rendered":"Complexe sportif d\u2019Oran: possible reconversion du bassin de plongeur en bassin de water-polo"},"content":{"rendered":"<div>\n<div class=\"K2FeedImage\"><img decoding=\"async\" src=\"http:\/\/www.aps.dz\/media\/k2\/items\/cache\/3e8e0df474d4c4ac02459ba4c3832e59_S.jpg\" alt=\"Complexe sportif d\u2019Oran: possible reconversion du bassin de plongeur en bassin de water-polo\"><\/div>\n<div class=\"K2FeedIntroText\">\n<p>ORAN &#8211; Le bassin de plongeur, l\u2019un des quatre bassins composant le centre nautique du complexe sportif en construction \u00e0 Oran, pourrait \u00eatre reconverti en bassin de water-polo en pr\u00e9vision de l\u2019organisation dans cette ville de la 19e \u00e9dition des Jeux m\u00e9diterran\u00e9ens (JM) en 2021, a-t-on appris du directeur g\u00e9n\u00e9ral du complexe, Salim Iles.<\/p>\n<\/div>\n<div class=\"K2FeedFullText\">\n<p>Le sujet a \u00e9t\u00e9 \u00e9voqu\u00e9 samedi \u00e0 l\u2019occasion de la visite d\u2019inspection effectu\u00e9e sur les lieux par le wali d\u2019Oran, Mouloud Cherifi, qui a conditionn\u00e9 cette reconversion par le respect des d\u00e9lais de r\u00e9alisation du centre nautique ainsi que l\u2019enveloppe financi\u00e8re d\u00e9bloqu\u00e9e pour le projet dans sa totalit\u00e9.<\/p>\n<p>Justement, dans ses d\u00e9clarations \u00e0 la presse, le chef de l\u2019ex\u00e9cutif a reconnu l\u2019existence de \u00ab\u00a0complications techniques\u00a0\u00bb dans la r\u00e9alisation des diff\u00e9rents lots, aussi bien du complexe sportif que le village olympique des JM.<\/p>\n<p>\u00ab\u00a0C\u2019est la raison pour laquelle nous sommes en train de multiplier les visites au niveau des chantiers, tout en veillant \u00e0 ce que les choses avancent selon la cadence souhait\u00e9e afin d&rsquo;\u00eatre pr\u00eats pour la grande manifestation sportive r\u00e9gionale qui attend notre pays\u00a0\u00bb, a indiqu\u00e9 le wali.<\/p>\n<p>\u00ab\u00a0Ce n\u2019est pas normal par exemple de voir la soci\u00e9t\u00e9 chinoise charg\u00e9e de la r\u00e9alisation des deux projets installer sa base de vie au sein m\u00eame de ces chantiers, sans oublier que des erreurs ont \u00e9t\u00e9 commises dans les \u00e9tudes et qu\u2019on a \u00e9t\u00e9 contraint de les corriger. Mais \u00e0 pr\u00e9sent, tout est rentr\u00e9 dans l\u2019ordre. Nous avons aussi donn\u00e9 des instructions fermes pour qu\u2019il n&rsquo;y ait plus aucune modification des \u00e9tudes en question\u00a0\u00bb, a-t-il ajout\u00e9.<\/p>\n<hr>\n<p><em><strong>Lire aussi :\u00a0<a href=\"http:\/\/www.aps.dz\/sport\/80175-jm2021-48-milliards-da-pour-la-realisation-d-infrastructures-sportives\" target=\"_blank\" rel=\"noopener noreferrer\"><span class=\"highlight\">JM2021<\/span>: 48 milliards DA pour la r\u00e9alisation d\u2019infrastructures sportives\u00a0<\/a><\/strong><\/em><\/p>\n<hr>\n<p>Au cours de sa deuxi\u00e8me visite au complexe sportif en l\u2019espace de cinq jours seulement, M. Cherifi a insist\u00e9 notamment sur les chantiers de la deuxi\u00e8me tranche de cette importante infrastructure, \u00e0 savoir le centre nautique et la salle omnisports.<\/p>\n<p>Il a insist\u00e9 aupr\u00e8s des responsables de la soci\u00e9t\u00e9 chinoise MCC sur la n\u00e9cessit\u00e9 de renforcer le personnel affect\u00e9 aux chantiers, notamment apr\u00e8s avoir \u00e9t\u00e9 inform\u00e9 par les responsables locaux charg\u00e9s du suivi de la baisse du nombre des travailleurs chinois mobilis\u00e9s au cours de ce mois de f\u00e9vrier.<\/p>\n<p>Ce manque en mati\u00e8re de main-d\u2019oeuvre se fait sentir notamment au niveau du village olympique des JM, o\u00f9 les travailleurs chinois sont pass\u00e9s de 168 en janvier \u00e0 129 en f\u00e9vrier. \u00ab\u00a0On ne tol\u00e8re pas ce genre de comportement, d\u2019autant que de notre part on veille \u00e0 ce que toutes les situations financi\u00e8res des diff\u00e9rents intervenants dans la r\u00e9alisation des deux projets soient r\u00e9gl\u00e9es.<\/p>\n<p>Du coup, l\u2019on doit \u00eatre tr\u00e8s rigoureux, condition sine qua non pour respecter les d\u00e9lais de r\u00e9alisation fix\u00e9s, car on doit r\u00e9ceptionner tous les projets en cours de r\u00e9alisation avant 2021 afin de les mettre \u00e0 l\u2019essai et proc\u00e9der \u00e0 d\u2019\u00e9ventuels r\u00e9glages avant les JM\u00a0\u00bb, a-t-il encore dit.<\/p>\n<p>Le centre nautique et la salle omnisports devraient \u00eatre r\u00e9ceptionn\u00e9s fin 2019, alors que les travaux au niveau du village olympique devraient \u00eatre achev\u00e9s en d\u00e9cembre 2020, selon le wali, qui s\u2019attend aussi \u00e0 ce que le stade de football de 40.000 places soit livr\u00e9 \u00e0 la fin du premier semestre de l\u2019ann\u00e9e en cours.<\/p>\n<\/div>\n<p><img loading=\"lazy\" decoding=\"async\" src=\"http:\/\/feeds.feedburner.com\/~r\/aps-sport\/~4\/qJUX8qGh9iE\" height=\"1\" width=\"1\" alt=\"\"><\/div>\n<p>Auteur:<br \/>\n<a href=\"http:\/\/www.aps.dz\/sport\/85628-complexe-sportif-d-oran-possible-reconversion-du-bassin-de-plongeur-en-bassin-de-water-polo?utm_source=feedburner&#038;utm_medium=feed&#038;utm_campaign=Feed%3A+aps-sport+%28APS+-+SPORT%29\">Cliquez ici pour lire l&rsquo;article depuis sa source.<\/a><\/p>\n","protected":false},"excerpt":{"rendered":"<p>ORAN &#8211; Le bassin de plongeur, l\u2019un des quatre bassins composant le centre nautique du complexe sportif en construction \u00e0 Oran, pourrait \u00eatre reconverti en bassin de water-polo en pr\u00e9vision de l\u2019organisation dans cette ville de la 19e \u00e9dition des Jeux m\u00e9diterran\u00e9ens (JM) en 2021, a-t-on appris du directeur g\u00e9n\u00e9ral du complexe, Salim Iles. Le [&hellip;]<\/p>\n","protected":false},"author":1790,"featured_media":14725,"comment_status":"closed","ping_status":"closed","sticky":false,"template":"","format":"standard","meta":{"fifu_image_url":"","fifu_image_alt":"","footnotes":""},"categories":[53,75],"tags":[],"class_list":["post-14724","post","type-post","status-publish","format-standard","has-post-thumbnail","hentry","category-algerie","category-sport"],"_links":{"self":[{"href":"https:\/\/linitiative.ca\/International\/wp-json\/wp\/v2\/posts\/14724","targetHints":{"allow":["GET"]}}],"collection":[{"href":"https:\/\/linitiative.ca\/International\/wp-json\/wp\/v2\/posts"}],"about":[{"href":"https:\/\/linitiative.ca\/International\/wp-json\/wp\/v2\/types\/post"}],"author":[{"embeddable":true,"href":"https:\/\/linitiative.ca\/International\/wp-json\/wp\/v2\/users\/1790"}],"replies":[{"embeddable":true,"href":"https:\/\/linitiative.ca\/International\/wp-json\/wp\/v2\/comments?post=14724"}],"version-history":[{"count":0,"href":"https:\/\/linitiative.ca\/International\/wp-json\/wp\/v2\/posts\/14724\/revisions"}],"wp:featuredmedia":[{"embeddable":true,"href":"https:\/\/linitiative.ca\/International\/wp-json\/"}],"wp:attachment":[{"href":"https:\/\/linitiative.ca\/International\/wp-json\/wp\/v2\/media?parent=14724"}],"wp:term":[{"taxonomy":"category","embeddable":true,"href":"https:\/\/linitiative.ca\/International\/wp-json\/wp\/v2\/categories?post=14724"},{"taxonomy":"post_tag","embeddable":true,"href":"https:\/\/linitiative.ca\/International\/wp-json\/wp\/v2\/tags?post=14724"}],"curies":[{"name":"wp","href":"https:\/\/api.w.org\/{rel}","templated":true}]}}