{"id":147240,"date":"2022-05-08T16:30:03","date_gmt":"2022-05-08T20:30:03","guid":{"rendered":"https:\/\/linitiative.ca\/International\/tunisie-egypte-saied-presente-ses-condoleances-a-son-homologue-al-sissi\/"},"modified":"2022-05-08T16:30:03","modified_gmt":"2022-05-08T20:30:03","slug":"tunisie-egypte-saied-presente-ses-condoleances-a-son-homologue-al-sissi","status":"publish","type":"post","link":"https:\/\/linitiative.ca\/International\/tunisie-egypte-saied-presente-ses-condoleances-a-son-homologue-al-sissi\/","title":{"rendered":"Tunisie-Egypte : Saied pr\u00e9sente ses condol\u00e9ances \u00e0 son homologue Al Sissi"},"content":{"rendered":"<div>\n<p>Le Pr\u00e9sident de la R\u00e9publique, Kais Saied s\u2019est entretenu par t\u00e9l\u00e9phone avec son homologue \u00e9gyptien, Abdelfattah Al Sissi ce soir, dimanche 8 mai 2022. Au cours de l\u2019entretien, Saied a transmis \u00e0 Al Sissi ses plus sinc\u00e8res condol\u00e9ances quant aux victimes de l\u2019attaque terroriste survenue hier \u00e0 Sina\u00ef. Exprimant son enti\u00e8re solidarit\u00e9 avec l\u2019\u00c9gypte et [\u2026]<\/p>\n<p>L\u2019article <a href=\"https:\/\/www.tunisienumerique.com\/tunisie-egypte-saied-presente-ses-condoleances-a-son-homologue-al-sissi\/\">Tunisie-Egypte : Saied pr\u00e9sente ses condol\u00e9ances \u00e0 son homologue Al Sissi<\/a> est apparu en premier sur <a href=\"https:\/\/www.tunisienumerique.com\/\">Tunisie<\/a>.<\/p>\n<\/div>\n<p>Auteur: rania ben slimane<br \/>\n<a href=\"https:\/\/www.tunisienumerique.com\/tunisie-egypte-saied-presente-ses-condoleances-a-son-homologue-al-sissi\/\">Cliquez ici pour lire l&rsquo;article depuis sa source.<\/a><\/p>\n","protected":false},"excerpt":{"rendered":"<p>Le Pr\u00e9sident de la R\u00e9publique, Kais Saied s\u2019est entretenu par t\u00e9l\u00e9phone avec son homologue \u00e9gyptien, Abdelfattah Al Sissi ce soir, dimanche 8 mai 2022. Au cours de l\u2019entretien, Saied a transmis \u00e0 Al Sissi ses plus sinc\u00e8res condol\u00e9ances quant aux victimes de l\u2019attaque terroriste survenue hier \u00e0 Sina\u00ef. Exprimant son enti\u00e8re solidarit\u00e9 avec l\u2019\u00c9gypte et [&hellip;]<\/p>\n","protected":false},"author":1789,"featured_media":0,"comment_status":"closed","ping_status":"closed","sticky":false,"template":"","format":"standard","meta":{"fifu_image_url":"","fifu_image_alt":"","footnotes":""},"categories":[73,55],"tags":[],"class_list":["post-147240","post","type-post","status-publish","format-standard","hentry","category-actualite","category-tunisie"],"_links":{"self":[{"href":"https:\/\/linitiative.ca\/International\/wp-json\/wp\/v2\/posts\/147240","targetHints":{"allow":["GET"]}}],"collection":[{"href":"https:\/\/linitiative.ca\/International\/wp-json\/wp\/v2\/posts"}],"about":[{"href":"https:\/\/linitiative.ca\/International\/wp-json\/wp\/v2\/types\/post"}],"author":[{"embeddable":true,"href":"https:\/\/linitiative.ca\/International\/wp-json\/wp\/v2\/users\/1789"}],"replies":[{"embeddable":true,"href":"https:\/\/linitiative.ca\/International\/wp-json\/wp\/v2\/comments?post=147240"}],"version-history":[{"count":0,"href":"https:\/\/linitiative.ca\/International\/wp-json\/wp\/v2\/posts\/147240\/revisions"}],"wp:attachment":[{"href":"https:\/\/linitiative.ca\/International\/wp-json\/wp\/v2\/media?parent=147240"}],"wp:term":[{"taxonomy":"category","embeddable":true,"href":"https:\/\/linitiative.ca\/International\/wp-json\/wp\/v2\/categories?post=147240"},{"taxonomy":"post_tag","embeddable":true,"href":"https:\/\/linitiative.ca\/International\/wp-json\/wp\/v2\/tags?post=147240"}],"curies":[{"name":"wp","href":"https:\/\/api.w.org\/{rel}","templated":true}]}}