{"id":147244,"date":"2022-05-08T15:35:39","date_gmt":"2022-05-08T19:35:39","guid":{"rendered":"https:\/\/linitiative.ca\/International\/deces-damadou-soumahoro-impetueux-jusqua-la-tombe\/"},"modified":"2022-05-08T15:35:39","modified_gmt":"2022-05-08T19:35:39","slug":"deces-damadou-soumahoro-impetueux-jusqua-la-tombe","status":"publish","type":"post","link":"https:\/\/linitiative.ca\/International\/deces-damadou-soumahoro-impetueux-jusqua-la-tombe\/","title":{"rendered":"DECES D\u2019AMADOU SOUMAHORO : Imp\u00e9tueux jusqu\u2019\u00e0 la tombe"},"content":{"rendered":"<div>\n<p><img decoding=\"async\" width=\"299\" height=\"168\" src=\"https:\/\/linitiative.ca\/International\/wp-content\/uploads\/sites\/23\/2022\/05\/tchomba.jpg\" class=\"attachment- size- wp-post-image\" alt=\"\" loading=\"lazy\" style=\"float:left; margin:0 15px 15px 0;\" srcset=\"https:\/\/linitiative.ca\/International\/wp-content\/uploads\/sites\/23\/2022\/05\/tchomba.jpg 299w, https:\/\/lepays.bf\/wp-content\/uploads\/2022\/05\/tchomba-150x84.jpg 150w\" sizes=\"auto, (max-width: 299px) 100vw, 299px\">Yaako\u00a0 \u00e0 la C\u00f4te d\u2019Ivoire en g\u00e9n\u00e9ral et \u00e0 Alassane Ouattara en particulier\u00a0! Cette expression du terroir des Akans, est utilis\u00e9e lorsqu\u2019il s\u2019agit d\u2019exprimer sa compassion \u00e0 un peuple, \u00e0 une personne ou encore \u00e0 une nation qui est en situation de deuil. Le 7 [\u2026]<\/p>\n<p>L\u2019article <a rel=\"nofollow\" href=\"https:\/\/lepays.bf\/deces-damadou-soumahoro-impetueux-jusqua-la-tombe\/\">DECES D\u2019AMADOU SOUMAHORO : Imp\u00e9tueux jusqu\u2019\u00e0 la tombe<\/a> est apparu en premier sur <a rel=\"nofollow\" href=\"https:\/\/lepays.bf\/\">Editions Le Pays<\/a>.<\/p>\n<\/div>\n<p>Auteur: Editions LEPAYS<br \/>\n<a href=\"https:\/\/lepays.bf\/deces-damadou-soumahoro-impetueux-jusqua-la-tombe\/\">Cliquez ici pour lire l&rsquo;article depuis sa source.<\/a><\/p>\n","protected":false},"excerpt":{"rendered":"<p>Yaako\u00a0 \u00e0 la C\u00f4te d\u2019Ivoire en g\u00e9n\u00e9ral et \u00e0 Alassane Ouattara en particulier\u00a0! Cette expression du terroir des Akans, est utilis\u00e9e lorsqu\u2019il s\u2019agit d\u2019exprimer sa compassion \u00e0 un peuple, \u00e0 une personne ou encore \u00e0 une nation qui est en situation de deuil. Le 7 [\u2026] L\u2019article DECES D\u2019AMADOU SOUMAHORO : Imp\u00e9tueux jusqu\u2019\u00e0 la tombe [&hellip;]<\/p>\n","protected":false},"author":1813,"featured_media":0,"comment_status":"closed","ping_status":"closed","sticky":false,"template":"","format":"standard","meta":{"fifu_image_url":"https:\/\/lepays.bf\/wp-content\/uploads\/2022\/05\/tchomba.jpg","fifu_image_alt":"DECES D\u2019AMADOU SOUMAHORO : Imp\u00e9tueux jusqu\u2019\u00e0 la tombe","footnotes":""},"categories":[73,81],"tags":[],"class_list":["post-147244","post","type-post","status-publish","format-standard","hentry","category-actualite","category-burkina-faso"],"_links":{"self":[{"href":"https:\/\/linitiative.ca\/International\/wp-json\/wp\/v2\/posts\/147244","targetHints":{"allow":["GET"]}}],"collection":[{"href":"https:\/\/linitiative.ca\/International\/wp-json\/wp\/v2\/posts"}],"about":[{"href":"https:\/\/linitiative.ca\/International\/wp-json\/wp\/v2\/types\/post"}],"author":[{"embeddable":true,"href":"https:\/\/linitiative.ca\/International\/wp-json\/wp\/v2\/users\/1813"}],"replies":[{"embeddable":true,"href":"https:\/\/linitiative.ca\/International\/wp-json\/wp\/v2\/comments?post=147244"}],"version-history":[{"count":0,"href":"https:\/\/linitiative.ca\/International\/wp-json\/wp\/v2\/posts\/147244\/revisions"}],"wp:attachment":[{"href":"https:\/\/linitiative.ca\/International\/wp-json\/wp\/v2\/media?parent=147244"}],"wp:term":[{"taxonomy":"category","embeddable":true,"href":"https:\/\/linitiative.ca\/International\/wp-json\/wp\/v2\/categories?post=147244"},{"taxonomy":"post_tag","embeddable":true,"href":"https:\/\/linitiative.ca\/International\/wp-json\/wp\/v2\/tags?post=147244"}],"curies":[{"name":"wp","href":"https:\/\/api.w.org\/{rel}","templated":true}]}}