{"id":147246,"date":"2022-05-08T15:38:48","date_gmt":"2022-05-08T19:38:48","guid":{"rendered":"https:\/\/linitiative.ca\/International\/exactions-sur-des-civils-et-liberation-de-prisonniers-dans-la-kossi-qui-pour-sauver-nouna\/"},"modified":"2022-05-08T15:38:48","modified_gmt":"2022-05-08T19:38:48","slug":"exactions-sur-des-civils-et-liberation-de-prisonniers-dans-la-kossi-qui-pour-sauver-nouna","status":"publish","type":"post","link":"https:\/\/linitiative.ca\/International\/exactions-sur-des-civils-et-liberation-de-prisonniers-dans-la-kossi-qui-pour-sauver-nouna\/","title":{"rendered":"EXACTIONS SUR DES CIVILS ET LIBERATION DE PRISONNIERS DANS LA KOSSI : Qui pour sauver Nouna\u00a0?  \u00a0"},"content":{"rendered":"<div>\n<p><img loading=\"lazy\" decoding=\"async\" width=\"640\" height=\"360\" src=\"https:\/\/linitiative.ca\/International\/wp-content\/uploads\/sites\/23\/2022\/05\/BF.jpg\" class=\"attachment- size- wp-post-image\" alt=\"\" style=\"float:left; margin:0 15px 15px 0;\" srcset=\"https:\/\/linitiative.ca\/International\/wp-content\/uploads\/sites\/23\/2022\/05\/BF.jpg 640w, https:\/\/lepays.bf\/wp-content\/uploads\/2022\/05\/BF-300x169.jpg 300w, https:\/\/lepays.bf\/wp-content\/uploads\/2022\/05\/BF-150x84.jpg 150w\" sizes=\"auto, (max-width: 640px) 100vw, 640px\">La ville de Nouna dans la Boucle du Mouhoun, a connu une attaque d\u2019une ampleur sans pr\u00e9c\u00e9dent dans la nuit du 7 au 8 mai 2022, perp\u00e9tr\u00e9e par des Hommes arm\u00e9s non identifi\u00e9s (HANI) qui seraient venus de la province attenante des Banwa, qui est [\u2026]<\/p>\n<p>L\u2019article <a rel=\"nofollow\" href=\"https:\/\/lepays.bf\/exactions-sur-des-civils-et-liberation-de-prisonniers-dans-la-kossi-qui-pour-sauver-nouna\/\">EXACTIONS SUR DES CIVILS ET LIBERATION DE PRISONNIERS DANS LA KOSSI : Qui pour sauver Nouna\u00a0?  \u00a0<\/a> est apparu en premier sur <a rel=\"nofollow\" href=\"https:\/\/lepays.bf\/\">Editions Le Pays<\/a>.<\/p>\n<\/div>\n<p>Auteur: Editions LEPAYS<br \/>\n<a href=\"https:\/\/lepays.bf\/exactions-sur-des-civils-et-liberation-de-prisonniers-dans-la-kossi-qui-pour-sauver-nouna\/\">Cliquez ici pour lire l&rsquo;article depuis sa source.<\/a><\/p>\n","protected":false},"excerpt":{"rendered":"<p>La ville de Nouna dans la Boucle du Mouhoun, a connu une attaque d\u2019une ampleur sans pr\u00e9c\u00e9dent dans la nuit du 7 au 8 mai 2022, perp\u00e9tr\u00e9e par des Hommes arm\u00e9s non identifi\u00e9s (HANI) qui seraient venus de la province attenante des Banwa, qui est [\u2026] L\u2019article EXACTIONS SUR DES CIVILS ET LIBERATION DE PRISONNIERS [&hellip;]<\/p>\n","protected":false},"author":1813,"featured_media":0,"comment_status":"closed","ping_status":"closed","sticky":false,"template":"","format":"standard","meta":{"fifu_image_url":"https:\/\/lepays.bf\/wp-content\/uploads\/2022\/05\/BF.jpg","fifu_image_alt":"EXACTIONS SUR DES CIVILS ET LIBERATION DE PRISONNIERS DANS LA KOSSI : Qui pour sauver Nouna\u00a0?  \u00a0","footnotes":""},"categories":[73,81],"tags":[],"class_list":["post-147246","post","type-post","status-publish","format-standard","hentry","category-actualite","category-burkina-faso"],"_links":{"self":[{"href":"https:\/\/linitiative.ca\/International\/wp-json\/wp\/v2\/posts\/147246","targetHints":{"allow":["GET"]}}],"collection":[{"href":"https:\/\/linitiative.ca\/International\/wp-json\/wp\/v2\/posts"}],"about":[{"href":"https:\/\/linitiative.ca\/International\/wp-json\/wp\/v2\/types\/post"}],"author":[{"embeddable":true,"href":"https:\/\/linitiative.ca\/International\/wp-json\/wp\/v2\/users\/1813"}],"replies":[{"embeddable":true,"href":"https:\/\/linitiative.ca\/International\/wp-json\/wp\/v2\/comments?post=147246"}],"version-history":[{"count":0,"href":"https:\/\/linitiative.ca\/International\/wp-json\/wp\/v2\/posts\/147246\/revisions"}],"wp:attachment":[{"href":"https:\/\/linitiative.ca\/International\/wp-json\/wp\/v2\/media?parent=147246"}],"wp:term":[{"taxonomy":"category","embeddable":true,"href":"https:\/\/linitiative.ca\/International\/wp-json\/wp\/v2\/categories?post=147246"},{"taxonomy":"post_tag","embeddable":true,"href":"https:\/\/linitiative.ca\/International\/wp-json\/wp\/v2\/tags?post=147246"}],"curies":[{"name":"wp","href":"https:\/\/api.w.org\/{rel}","templated":true}]}}