{"id":147248,"date":"2022-05-08T13:48:36","date_gmt":"2022-05-08T17:48:36","guid":{"rendered":"https:\/\/linitiative.ca\/International\/embuscade-sur-laxe-gorgadji-dori-9-vdp-et-2-civils-tues\/"},"modified":"2022-05-08T13:48:36","modified_gmt":"2022-05-08T17:48:36","slug":"embuscade-sur-laxe-gorgadji-dori-9-vdp-et-2-civils-tues","status":"publish","type":"post","link":"https:\/\/linitiative.ca\/International\/embuscade-sur-laxe-gorgadji-dori-9-vdp-et-2-civils-tues\/","title":{"rendered":"Embuscade sur l\u2019axe Gorgadji-Dori : 9 VDP et 2 civils tu\u00e9s"},"content":{"rendered":"<div>\n<p><strong>Un convoi de civils escort\u00e9s par les Volontaires pour la d\u00e9fense de la patrie (VDP) est tomb\u00e9 dans une embuscade dans le village de Bombofa \u00e0 25 kilom\u00e8tres de Dori provoquant la mort de 9 VDP et 2 civils dans la matin\u00e9e du samedi 07 mai 2022.<\/strong><\/p>\n<p><strong>\u00a0<\/strong>Dans la matin\u00e9e du samedi 07 mai 2022, un convoi de civils compos\u00e9s essentiellement de commer\u00e7ants \u00a0se rendant \u00e0 Dori, escort\u00e9s par les Volontaires pour la d\u00e9fense de la patrie (VDP) est tomb\u00e9 dans une embuscade dans le village de Bombofa \u00e0 25 kilom\u00e8tres de Dori, chef-lieu de la r\u00e9gion du Sahel. Le convoi a quitt\u00e9 la commune de Gorgadji situ\u00e9e \u00e0 une soixantaine de kilom\u00e8tres de Dori. Le bilan provisoire \u00a0de l\u2019embuscade fait \u00e9tat de 9 VDP et 2 civils tu\u00e9s. \u00a0Ils ont \u00e9t\u00e9 enterr\u00e9s ce dimanche 8 mai 2022. Aux derni\u00e8res nouvelles, une \u00e9quipe du d\u00e9tachement de gendarmerie de Gorgadji a \u00e9t\u00e9 envoy\u00e9 sur les lieux.<\/p>\n<p>Sidwaya.info<\/p>\n<p><strong>\u00a0<\/strong><\/p>\n<\/div>\n<p>Auteur: BS. Sidwaya<br \/>\n<a href=\"https:\/\/www.sidwaya.info\/blog\/2022\/05\/08\/embuscade-sur-laxe-gorgadji-dori-9-vdp-et-2-civils-tues\/\">Cliquez ici pour lire l&rsquo;article depuis sa source.<\/a><\/p>\n","protected":false},"excerpt":{"rendered":"<p>Un convoi de civils escort\u00e9s par les Volontaires pour la d\u00e9fense de la patrie (VDP) est tomb\u00e9 dans une embuscade dans le village de Bombofa \u00e0 25 kilom\u00e8tres de Dori provoquant la mort de 9 VDP et 2 civils dans la matin\u00e9e du samedi 07 mai 2022. \u00a0Dans la matin\u00e9e du samedi 07 mai 2022, [&hellip;]<\/p>\n","protected":false},"author":1816,"featured_media":0,"comment_status":"closed","ping_status":"closed","sticky":false,"template":"","format":"standard","meta":{"fifu_image_url":"","fifu_image_alt":"","footnotes":""},"categories":[73,81],"tags":[],"class_list":["post-147248","post","type-post","status-publish","format-standard","hentry","category-actualite","category-burkina-faso"],"_links":{"self":[{"href":"https:\/\/linitiative.ca\/International\/wp-json\/wp\/v2\/posts\/147248","targetHints":{"allow":["GET"]}}],"collection":[{"href":"https:\/\/linitiative.ca\/International\/wp-json\/wp\/v2\/posts"}],"about":[{"href":"https:\/\/linitiative.ca\/International\/wp-json\/wp\/v2\/types\/post"}],"author":[{"embeddable":true,"href":"https:\/\/linitiative.ca\/International\/wp-json\/wp\/v2\/users\/1816"}],"replies":[{"embeddable":true,"href":"https:\/\/linitiative.ca\/International\/wp-json\/wp\/v2\/comments?post=147248"}],"version-history":[{"count":0,"href":"https:\/\/linitiative.ca\/International\/wp-json\/wp\/v2\/posts\/147248\/revisions"}],"wp:attachment":[{"href":"https:\/\/linitiative.ca\/International\/wp-json\/wp\/v2\/media?parent=147248"}],"wp:term":[{"taxonomy":"category","embeddable":true,"href":"https:\/\/linitiative.ca\/International\/wp-json\/wp\/v2\/categories?post=147248"},{"taxonomy":"post_tag","embeddable":true,"href":"https:\/\/linitiative.ca\/International\/wp-json\/wp\/v2\/tags?post=147248"}],"curies":[{"name":"wp","href":"https:\/\/api.w.org\/{rel}","templated":true}]}}