{"id":147256,"date":"2022-05-08T15:18:03","date_gmt":"2022-05-08T19:18:03","guid":{"rendered":"https:\/\/linitiative.ca\/International\/nigeria-assaut-macabre-contre-trois-villages\/"},"modified":"2022-05-08T15:18:03","modified_gmt":"2022-05-08T19:18:03","slug":"nigeria-assaut-macabre-contre-trois-villages","status":"publish","type":"post","link":"https:\/\/linitiative.ca\/International\/nigeria-assaut-macabre-contre-trois-villages\/","title":{"rendered":"Nig\u00e9ria : assaut macabre contre trois villages"},"content":{"rendered":"<div>\n<p><img decoding=\"async\" width=\"248\" height=\"204\" src=\"https:\/\/linitiative.ca\/International\/wp-content\/uploads\/sites\/23\/2022\/05\/16520374836000.jpg\" class=\"attachment-post-thumbnail size-post-thumbnail wp-post-image\" alt=\"\" loading=\"lazy\"><\/p>\n<p>Quelque 48 personnes ont \u00e9t\u00e9 assassin\u00e9es par des hommes arm\u00e9s non identifi\u00e9s, a appris APA de sources m\u00e9diatiques.Les attaques ont eu lieu vendredi dans les villages de Damri, Sabon Garin et Kalahe situ\u00e9s dans l&rsquo;\u00c9tat de Zamfara.<\/p>\n<p>Le village de Damri, o\u00f9 32 personnes ont \u00e9t\u00e9 tu\u00e9es dont deux policiers, a \u00e9t\u00e9 le plus touch\u00e9.<\/p>\n<p>Dans un communiqu\u00e9, le pr\u00e9sident Muhammadu Buhari a appel\u00e9 les forces de d\u00e9fense et de s\u00e9curit\u00e9 \u00e0 \u00ab tout faire pour mettre fin imm\u00e9diatement \u00e0 ces horribles massacres \u00bb. \u00ab Les populations rurales de Zamfara et d&rsquo;ailleurs doivent avoir le droit \u00e0 la paix \u00bb, a-t-il martel\u00e9.<\/p>\n<p>En d\u00e9but d&rsquo;ann\u00e9e, plus de 200 personnes avaient perdu la vie dans des attaques de ce genre. Un d\u00e9compte de l&rsquo;ONG Acled fait \u00e9tat de plus de 2 600 civils en 2021, soit une augmentation de 25 % par rapport \u00e0 2020.<\/p>\n<p>Cet article <a rel=\"nofollow\" href=\"https:\/\/www.journalducameroun.com\/nigeria-assaut-macabre-contre-trois-villages\/\">Nig\u00e9ria : assaut macabre contre trois villages<\/a> est apparu en premier sur <a rel=\"nofollow\" href=\"https:\/\/www.journalducameroun.com\/\">Journal du Cameroun<\/a>.<\/p>\n<\/div>\n<p>Auteur: APA News<br \/>\n<a href=\"https:\/\/www.journalducameroun.com\/nigeria-assaut-macabre-contre-trois-villages\/\">Cliquez ici pour lire l&rsquo;article depuis sa source.<\/a><\/p>\n","protected":false},"excerpt":{"rendered":"<p>Quelque 48 personnes ont \u00e9t\u00e9 assassin\u00e9es par des hommes arm\u00e9s non identifi\u00e9s, a appris APA de sources m\u00e9diatiques.Les attaques ont eu lieu vendredi dans les villages de Damri, Sabon Garin et Kalahe situ\u00e9s dans l&rsquo;\u00c9tat de Zamfara. Le village de Damri, o\u00f9 32 personnes ont \u00e9t\u00e9 tu\u00e9es dont deux policiers, a \u00e9t\u00e9 le plus touch\u00e9. [&hellip;]<\/p>\n","protected":false},"author":1965,"featured_media":0,"comment_status":"closed","ping_status":"closed","sticky":false,"template":"","format":"standard","meta":{"fifu_image_url":"https:\/\/www.journalducameroun.com\/wp-content\/uploads\/2022\/05\/16520374836000.jpg","fifu_image_alt":"Nig\u00e9ria : assaut macabre contre trois villages","footnotes":""},"categories":[73,82],"tags":[],"class_list":["post-147256","post","type-post","status-publish","format-standard","hentry","category-actualite","category-cameroun"],"_links":{"self":[{"href":"https:\/\/linitiative.ca\/International\/wp-json\/wp\/v2\/posts\/147256","targetHints":{"allow":["GET"]}}],"collection":[{"href":"https:\/\/linitiative.ca\/International\/wp-json\/wp\/v2\/posts"}],"about":[{"href":"https:\/\/linitiative.ca\/International\/wp-json\/wp\/v2\/types\/post"}],"author":[{"embeddable":true,"href":"https:\/\/linitiative.ca\/International\/wp-json\/wp\/v2\/users\/1965"}],"replies":[{"embeddable":true,"href":"https:\/\/linitiative.ca\/International\/wp-json\/wp\/v2\/comments?post=147256"}],"version-history":[{"count":0,"href":"https:\/\/linitiative.ca\/International\/wp-json\/wp\/v2\/posts\/147256\/revisions"}],"wp:attachment":[{"href":"https:\/\/linitiative.ca\/International\/wp-json\/wp\/v2\/media?parent=147256"}],"wp:term":[{"taxonomy":"category","embeddable":true,"href":"https:\/\/linitiative.ca\/International\/wp-json\/wp\/v2\/categories?post=147256"},{"taxonomy":"post_tag","embeddable":true,"href":"https:\/\/linitiative.ca\/International\/wp-json\/wp\/v2\/tags?post=147256"}],"curies":[{"name":"wp","href":"https:\/\/api.w.org\/{rel}","templated":true}]}}