{"id":147260,"date":"2022-05-09T10:06:17","date_gmt":"2022-05-09T14:06:17","guid":{"rendered":"https:\/\/linitiative.ca\/International\/en-marge-de-la-31eme-session-des-assemblees-annuelles-de-la-berd-odile-renaud-basso-recue-par-nadia-fettah\/"},"modified":"2022-05-09T10:06:17","modified_gmt":"2022-05-09T14:06:17","slug":"en-marge-de-la-31eme-session-des-assemblees-annuelles-de-la-berd-odile-renaud-basso-recue-par-nadia-fettah","status":"publish","type":"post","link":"https:\/\/linitiative.ca\/International\/en-marge-de-la-31eme-session-des-assemblees-annuelles-de-la-berd-odile-renaud-basso-recue-par-nadia-fettah\/","title":{"rendered":"En marge de la 31\u00e8me session des assembl\u00e9es annuelles de la BERD, Odile Renaud Basso re\u00e7ue par Nadia Fettah"},"content":{"rendered":"<div>\n<p><img decoding=\"async\" width=\"300\" height=\"153\" src=\"https:\/\/linitiative.ca\/International\/wp-content\/uploads\/sites\/23\/2022\/05\/Odile-Renaud-Basso-recCCA7ue-par-Nadia-Fettah-300x153-1.jpg\" class=\"attachment-medium size-medium wp-post-image\" alt=\"\" loading=\"lazy\" srcset=\"https:\/\/linitiative.ca\/International\/wp-content\/uploads\/sites\/23\/2022\/05\/Odile-Renaud-Basso-recCCA7ue-par-Nadia-Fettah-300x153-1.jpg 300w, https:\/\/aujourdhui.ma\/wp-content\/uploads\/2022\/05\/Odile-Renaud-Basso-rec\u0327ue-par-Nadia-Fettah-274x140.jpg 274w, https:\/\/aujourdhui.ma\/wp-content\/uploads\/2022\/05\/Odile-Renaud-Basso-rec\u0327ue-par-Nadia-Fettah.jpg 746w, https:\/\/aujourdhui.ma\/wp-content\/uploads\/2022\/05\/Odile-Renaud-Basso-rec\u0327ue-par-Nadia-Fettah-165x84.jpg 165w, https:\/\/aujourdhui.ma\/wp-content\/uploads\/2022\/05\/Odile-Renaud-Basso-rec\u0327ue-par-Nadia-Fettah-702x358.jpg 702w\" sizes=\"auto, (max-width: 300px) 100vw, 300px\"><\/p>\n<p><span style=\"color: #800000;\"><strong>En pr\u00e9paratif de la 31\u00e8me session des assembl\u00e9es annuelles du Conseil des Gouverneurs de la BERD, sa pr\u00e9sidente Odile Renaud Basso a \u00e9t\u00e9 re\u00e7ue par Nadia Fettah ministre de l\u2019\u00c9conomie et des finances.<\/strong><\/span><span id=\"more-407236\"><\/span><\/p>\n<p>Lors de cette rencontre qui s\u2019est tenue en pr\u00e9sence de Sarah Fountain Smith, Administratrice repr\u00e9sentant le Royaume du Maroc au Conseil d\u2019Administration de la Banque, Nadia Fettah et Odile Renaud Basso se sont r\u00e9jouies, de l\u2019organisation de cette assembl\u00e9e qui se tient pour la premi\u00e8re fois en Afrique et ont rappel\u00e9 l\u2019importance de cet \u00e9v\u00e8nement annuel qui repr\u00e9sente une occasion pour discuter des orientations strat\u00e9giques de la Banque et de r\u00e9unir la communaut\u00e9 des affaires internationale. Tout en se f\u00e9licitant de la qualit\u00e9 des relations entretenues entre le Maroc et la BERD, Les deux responsables ont abord\u00e9 des sujets d\u2019int\u00e9r\u00eat commun dont notamment, les perspectives d\u2019\u00e9volution de la coop\u00e9ration financi\u00e8re et technique ainsi que les relations institutionnelles entre les deux partenaires.<\/p>\n<p>Notons que les travaux de la 31e session des Assembl\u00e9es annuelles du Conseil des Gouverneurs de la BERD se tient du 10 au 12 mai \u00e0 Marrakech. Cet \u00e9v\u00e9nement, organis\u00e9 sous le Haut Patronage de SM Le Roi Mohammed VI, est plac\u00e9 sous le th\u00e8me \u00abRelever les d\u00e9fis dans un monde turbulent\u00bb.<\/p>\n<\/div>\n<p>Auteur: ALM<br \/>\n<a href=\"https:\/\/aujourdhui.ma\/actualite\/en-marge-de-la-31eme-session-des-assemblees-annuelles-de-la-berd-odile-renaud-basso-recue-par-nadia-fettah\">Cliquez ici pour lire l&rsquo;article depuis sa source.<\/a><\/p>\n","protected":false},"excerpt":{"rendered":"<p>En pr\u00e9paratif de la 31\u00e8me session des assembl\u00e9es annuelles du Conseil des Gouverneurs de la BERD, sa pr\u00e9sidente Odile Renaud Basso a \u00e9t\u00e9 re\u00e7ue par Nadia Fettah ministre de l\u2019\u00c9conomie et des finances. Lors de cette rencontre qui s\u2019est tenue en pr\u00e9sence de Sarah Fountain Smith, Administratrice repr\u00e9sentant le Royaume du Maroc au Conseil d\u2019Administration [&hellip;]<\/p>\n","protected":false},"author":1759,"featured_media":0,"comment_status":"closed","ping_status":"closed","sticky":false,"template":"","format":"standard","meta":{"fifu_image_url":"https:\/\/aujourdhui.ma\/wp-content\/uploads\/2022\/05\/Odile-Renaud-Basso-rec\u0327ue-par-Nadia-Fettah-300x153.jpg","fifu_image_alt":"En marge de la 31\u00e8me session des assembl\u00e9es annuelles de la BERD, Odile Renaud Basso re\u00e7ue par Nadia Fettah","footnotes":""},"categories":[73,54],"tags":[],"class_list":["post-147260","post","type-post","status-publish","format-standard","hentry","category-actualite","category-maroc"],"_links":{"self":[{"href":"https:\/\/linitiative.ca\/International\/wp-json\/wp\/v2\/posts\/147260","targetHints":{"allow":["GET"]}}],"collection":[{"href":"https:\/\/linitiative.ca\/International\/wp-json\/wp\/v2\/posts"}],"about":[{"href":"https:\/\/linitiative.ca\/International\/wp-json\/wp\/v2\/types\/post"}],"author":[{"embeddable":true,"href":"https:\/\/linitiative.ca\/International\/wp-json\/wp\/v2\/users\/1759"}],"replies":[{"embeddable":true,"href":"https:\/\/linitiative.ca\/International\/wp-json\/wp\/v2\/comments?post=147260"}],"version-history":[{"count":0,"href":"https:\/\/linitiative.ca\/International\/wp-json\/wp\/v2\/posts\/147260\/revisions"}],"wp:attachment":[{"href":"https:\/\/linitiative.ca\/International\/wp-json\/wp\/v2\/media?parent=147260"}],"wp:term":[{"taxonomy":"category","embeddable":true,"href":"https:\/\/linitiative.ca\/International\/wp-json\/wp\/v2\/categories?post=147260"},{"taxonomy":"post_tag","embeddable":true,"href":"https:\/\/linitiative.ca\/International\/wp-json\/wp\/v2\/tags?post=147260"}],"curies":[{"name":"wp","href":"https:\/\/api.w.org\/{rel}","templated":true}]}}