{"id":147262,"date":"2022-05-09T10:32:49","date_gmt":"2022-05-09T14:32:49","guid":{"rendered":"https:\/\/linitiative.ca\/International\/un-air-bon-enfant-en-ouverture-du-ficam\/"},"modified":"2022-05-09T10:32:49","modified_gmt":"2022-05-09T14:32:49","slug":"un-air-bon-enfant-en-ouverture-du-ficam","status":"publish","type":"post","link":"https:\/\/linitiative.ca\/International\/un-air-bon-enfant-en-ouverture-du-ficam\/","title":{"rendered":"Un air bon enfant en ouverture du FICAM"},"content":{"rendered":"<div>\n<p><img decoding=\"async\" width=\"300\" height=\"153\" src=\"https:\/\/linitiative.ca\/International\/wp-content\/uploads\/sites\/23\/2022\/05\/Ficam-300x153-1.jpg\" class=\"attachment-medium size-medium wp-post-image\" alt=\"\" loading=\"lazy\" srcset=\"https:\/\/linitiative.ca\/International\/wp-content\/uploads\/sites\/23\/2022\/05\/Ficam-300x153-1.jpg 300w, https:\/\/aujourdhui.ma\/wp-content\/uploads\/2022\/05\/Ficam-274x140.jpg 274w, https:\/\/aujourdhui.ma\/wp-content\/uploads\/2022\/05\/Ficam.jpg 746w, https:\/\/aujourdhui.ma\/wp-content\/uploads\/2022\/05\/Ficam-165x84.jpg 165w, https:\/\/aujourdhui.ma\/wp-content\/uploads\/2022\/05\/Ficam-702x358.jpg 702w\" sizes=\"auto, (max-width: 300px) 100vw, 300px\"><\/p>\n<p><span style=\"font-size: 20px; color: #800000;\"><strong>Le festival international du cin\u00e9ma d\u2019animation de Mekn\u00e8s (FICAM) s\u2019est ouvert, vendredi \u00e0 Mekn\u00e8s sous le Haut patronage de SM le Roi, dans un air bon enfant.<\/strong><\/span><br \/>\n<span style=\"color: #800000;\"><span id=\"more-407243\"><\/span><\/span><\/p>\n<p>Le public pr\u00e9sent sur place y prend part sans fa\u00e7ons aucunes. Lanc\u00e9 en pr\u00e9sence du Gouverneur de Mekn\u00e8s, Abdelghani Sebbar, le festival, initi\u00e9 par la Fondation Aicha et l\u2019institut fran\u00e7ais de la ville, a ouvert le bal en rendant un vibrant hommage \u00e0 Philippe Peythieu et V\u00e9ronique Augereau qui pr\u00eatent leurs voix aux \u00abSimpsons\u00bb.<\/p>\n<p>Dans la vid\u00e9o, le directeur du festival, Mohamed Beyoud, r\u00e9v\u00e8le les grandes particularit\u00e9s de cette 20\u00e8me \u00e9dition du festival appr\u00e9ci\u00e9 par petits et grands.<br \/>\n<span style=\"font-size: 20px;\"><strong>Reportage Chafik Arich<\/strong><\/span><\/p>\n<\/div>\n<p>Auteur: ALM<br \/>\n<a href=\"https:\/\/aujourdhui.ma\/videos\/un-air-bon-enfant-en-ouverture-du-ficam\">Cliquez ici pour lire l&rsquo;article depuis sa source.<\/a><\/p>\n","protected":false},"excerpt":{"rendered":"<p>Le festival international du cin\u00e9ma d\u2019animation de Mekn\u00e8s (FICAM) s\u2019est ouvert, vendredi \u00e0 Mekn\u00e8s sous le Haut patronage de SM le Roi, dans un air bon enfant. Le public pr\u00e9sent sur place y prend part sans fa\u00e7ons aucunes. Lanc\u00e9 en pr\u00e9sence du Gouverneur de Mekn\u00e8s, Abdelghani Sebbar, le festival, initi\u00e9 par la Fondation Aicha et [&hellip;]<\/p>\n","protected":false},"author":1759,"featured_media":0,"comment_status":"closed","ping_status":"closed","sticky":false,"template":"","format":"standard","meta":{"fifu_image_url":"https:\/\/aujourdhui.ma\/wp-content\/uploads\/2022\/05\/Ficam-300x153.jpg","fifu_image_alt":"Un air bon enfant en ouverture du FICAM","footnotes":""},"categories":[73,54],"tags":[],"class_list":["post-147262","post","type-post","status-publish","format-standard","hentry","category-actualite","category-maroc"],"_links":{"self":[{"href":"https:\/\/linitiative.ca\/International\/wp-json\/wp\/v2\/posts\/147262","targetHints":{"allow":["GET"]}}],"collection":[{"href":"https:\/\/linitiative.ca\/International\/wp-json\/wp\/v2\/posts"}],"about":[{"href":"https:\/\/linitiative.ca\/International\/wp-json\/wp\/v2\/types\/post"}],"author":[{"embeddable":true,"href":"https:\/\/linitiative.ca\/International\/wp-json\/wp\/v2\/users\/1759"}],"replies":[{"embeddable":true,"href":"https:\/\/linitiative.ca\/International\/wp-json\/wp\/v2\/comments?post=147262"}],"version-history":[{"count":0,"href":"https:\/\/linitiative.ca\/International\/wp-json\/wp\/v2\/posts\/147262\/revisions"}],"wp:attachment":[{"href":"https:\/\/linitiative.ca\/International\/wp-json\/wp\/v2\/media?parent=147262"}],"wp:term":[{"taxonomy":"category","embeddable":true,"href":"https:\/\/linitiative.ca\/International\/wp-json\/wp\/v2\/categories?post=147262"},{"taxonomy":"post_tag","embeddable":true,"href":"https:\/\/linitiative.ca\/International\/wp-json\/wp\/v2\/tags?post=147262"}],"curies":[{"name":"wp","href":"https:\/\/api.w.org\/{rel}","templated":true}]}}