{"id":147271,"date":"2022-05-09T06:37:08","date_gmt":"2022-05-09T10:37:08","guid":{"rendered":"https:\/\/linitiative.ca\/International\/previsions-meteorologiques-pour-mardi-10-mai-2022\/"},"modified":"2022-05-09T06:37:08","modified_gmt":"2022-05-09T10:37:08","slug":"previsions-meteorologiques-pour-mardi-10-mai-2022","status":"publish","type":"post","link":"https:\/\/linitiative.ca\/International\/previsions-meteorologiques-pour-mardi-10-mai-2022\/","title":{"rendered":"Pr\u00e9visions m\u00e9t\u00e9orologiques pour mardi 10 mai 2022"},"content":{"rendered":"<div>\n<div style=\"margin-bottom:20px;\"><img loading=\"lazy\" decoding=\"async\" width=\"750\" height=\"430\" src=\"https:\/\/linitiative.ca\/International\/wp-content\/uploads\/sites\/23\/2022\/05\/soleil-3.jpg\" class=\"attachment-post-thumbnail size-post-thumbnail wp-post-image\" alt=\"\" srcset=\"https:\/\/linitiative.ca\/International\/wp-content\/uploads\/sites\/23\/2022\/05\/soleil-3.jpg 750w, https:\/\/www.mapmarrakech.ma\/map\/uploads\/2022\/05\/soleil-3-300x172.jpg 300w\" sizes=\"auto, (max-width: 750px) 100vw, 750px\"><\/div>\n<p>\u2013 Temps chaud sur le Sud, le Souss, l\u2019extr\u00eame Sud-Est et par endroits sur les r\u00e9gions int\u00e9rieurs Nord et Centre.<\/p>\n<p>\u2013 Temps passag\u00e8rement nuageux sur les provinces Sud avec ond\u00e9es \u00e9parses.<\/p>\n<p>\u2013 Rafales de vent assez fortes sur le Tang\u00e9rois et le Saiss.<\/p>\n<p>\u2013 Chasses-poussi\u00e8res sur l\u2019Est des provinces Sud.<\/p>\n<p>\u2013 Temp\u00e9ratures minimales de l\u2019ordre de 08\/13\u00b0C sur l\u2019Atlas et le Rif, 13\/18\u00b0C sur la M\u00e9diterran\u00e9e, l\u2019Oriental et les plaines atlantiques Centre, 18\/25\u00b0C sur le Saiss, le Gharb, les plaines \u00e0 l\u2019Ouest de l\u2019Atlas, le Sud-Est, le Souss et l\u2019Ouest des provinces Sud et de 25\/32\u00b0C sur l\u2019Est des provinces Sud.<\/p>\n<p>\u2013 Temp\u00e9ratures du jour en baisse sur la majeure partie du pays.<\/p>\n<p>\u2013 Mer peu agit\u00e9e en M\u00e9diterran\u00e9e, peu agit\u00e9 \u00e0 agit\u00e9e sur le D\u00e9troit, peu agit\u00e9e \u00e0 agit\u00e9e entre Cap Spartel et Cap Sim et peu agit\u00e9e au Sud.<\/p>\n<p>The post <a rel=\"nofollow\" href=\"https:\/\/www.mapmarrakech.ma\/fr\/previsions-meteorologiques-pour-mardi-10-mai-2022\/\">Pr\u00e9visions m\u00e9t\u00e9orologiques pour mardi 10 mai 2022<\/a> appeared first on <a rel=\"nofollow\" href=\"https:\/\/www.mapmarrakech.ma\/fr\">MapMarrakech<\/a>.<\/p>\n<\/div>\n<p>Auteur: Meriem IGASS<br \/>\n<a href=\"https:\/\/www.mapmarrakech.ma\/fr\/previsions-meteorologiques-pour-mardi-10-mai-2022\/\">Cliquez ici pour lire l&rsquo;article depuis sa source.<\/a><\/p>\n","protected":false},"excerpt":{"rendered":"<p>\u2013 Temps chaud sur le Sud, le Souss, l\u2019extr\u00eame Sud-Est et par endroits sur les r\u00e9gions int\u00e9rieurs Nord et Centre. \u2013 Temps passag\u00e8rement nuageux sur les provinces Sud avec ond\u00e9es \u00e9parses. \u2013 Rafales de vent assez fortes sur le Tang\u00e9rois et le Saiss. \u2013 Chasses-poussi\u00e8res sur l\u2019Est des provinces Sud. \u2013 Temp\u00e9ratures minimales de l\u2019ordre [&hellip;]<\/p>\n","protected":false},"author":1788,"featured_media":0,"comment_status":"closed","ping_status":"closed","sticky":false,"template":"","format":"standard","meta":{"fifu_image_url":"https:\/\/www.mapmarrakech.ma\/map\/uploads\/2022\/05\/soleil-3.jpg","fifu_image_alt":"Pr\u00e9visions m\u00e9t\u00e9orologiques pour mardi 10 mai 2022","footnotes":""},"categories":[54,76],"tags":[],"class_list":["post-147271","post","type-post","status-publish","format-standard","hentry","category-maroc","category-regions"],"_links":{"self":[{"href":"https:\/\/linitiative.ca\/International\/wp-json\/wp\/v2\/posts\/147271","targetHints":{"allow":["GET"]}}],"collection":[{"href":"https:\/\/linitiative.ca\/International\/wp-json\/wp\/v2\/posts"}],"about":[{"href":"https:\/\/linitiative.ca\/International\/wp-json\/wp\/v2\/types\/post"}],"author":[{"embeddable":true,"href":"https:\/\/linitiative.ca\/International\/wp-json\/wp\/v2\/users\/1788"}],"replies":[{"embeddable":true,"href":"https:\/\/linitiative.ca\/International\/wp-json\/wp\/v2\/comments?post=147271"}],"version-history":[{"count":0,"href":"https:\/\/linitiative.ca\/International\/wp-json\/wp\/v2\/posts\/147271\/revisions"}],"wp:attachment":[{"href":"https:\/\/linitiative.ca\/International\/wp-json\/wp\/v2\/media?parent=147271"}],"wp:term":[{"taxonomy":"category","embeddable":true,"href":"https:\/\/linitiative.ca\/International\/wp-json\/wp\/v2\/categories?post=147271"},{"taxonomy":"post_tag","embeddable":true,"href":"https:\/\/linitiative.ca\/International\/wp-json\/wp\/v2\/tags?post=147271"}],"curies":[{"name":"wp","href":"https:\/\/api.w.org\/{rel}","templated":true}]}}