{"id":147273,"date":"2022-05-09T07:07:07","date_gmt":"2022-05-09T11:07:07","guid":{"rendered":"https:\/\/linitiative.ca\/International\/inauguration-a-marrakech-de-lesplanade-moulay-el-hassan\/"},"modified":"2022-05-09T07:07:07","modified_gmt":"2022-05-09T11:07:07","slug":"inauguration-a-marrakech-de-lesplanade-moulay-el-hassan","status":"publish","type":"post","link":"https:\/\/linitiative.ca\/International\/inauguration-a-marrakech-de-lesplanade-moulay-el-hassan\/","title":{"rendered":"Inauguration \u00e0 Marrakech de l\u2019Esplanade Moulay El Hassan"},"content":{"rendered":"<div>\n<div style=\"margin-bottom:20px;\"><img loading=\"lazy\" decoding=\"async\" width=\"750\" height=\"430\" src=\"https:\/\/linitiative.ca\/International\/wp-content\/uploads\/sites\/23\/2022\/05\/esplanade-mulay-el-hassan-copier.jpg\" class=\"attachment-post-thumbnail size-post-thumbnail wp-post-image\" alt=\"\" srcset=\"https:\/\/linitiative.ca\/International\/wp-content\/uploads\/sites\/23\/2022\/05\/esplanade-mulay-el-hassan-copier.jpg 750w, https:\/\/www.mapmarrakech.ma\/map\/uploads\/2022\/05\/esplanade-mulay-el-hassan-copier-300x172.jpg 300w\" sizes=\"auto, (max-width: 750px) 100vw, 750px\"><\/div>\n<p>La c\u00e9r\u00e9monie d\u2019inauguration de cet espace a eu lieu dans le cadre de la c\u00e9l\u00e9bration du 19\u00e8 anniversaire de SAR le Prince H\u00e9ritier Moulay El Hassan et s\u2019est d\u00e9roul\u00e9e en pr\u00e9sence notamment, du wali de la r\u00e9gion Marrakech-Safi, gouverneur de la pr\u00e9fecture de Marrakech, M. Karim Kassi-Lahlou, de la pr\u00e9sidente du Conseil communal de Marrakech, Mme Fatima-Zahra Mansouri, ainsi que du pr\u00e9sident de la r\u00e9gion, M. Samir Goudar et d\u2019autres personnalit\u00e9s.<\/p>\n<p>D\u2019un co\u00fbt global de 53,9 millions de DH (MDH), cet espace vert et \u00e9cologique qui repr\u00e9sente un \u00ab\u00a0poumon\u00a0\u00bb pour la ville, s\u2019\u00e9tend sur une superficie totale de 17 ha.<\/p>\n<p>Projet durable et exemplaire en mati\u00e8re de qualit\u00e9 environnementale, il est le fruit d\u2019un partenariat entre la Direction G\u00e9n\u00e9rale des Collectivit\u00e9s Territoriales (DGCT), dont la contribution financi\u00e8re s\u2019\u00e9l\u00e8ve \u00e0 42,5 MDH, la commune urbaine de Marrakech (1,4 MDH) et le minist\u00e8re\u00a0de l\u2019Education nationale, du Pr\u00e9scolaire et des Sports (10 MDH).<\/p>\n<p>D\u2019une largeur de 200 m\u00e8tres, cet espace s\u2019\u00e9tend sur une longueur de pr\u00e8s de deux kilom\u00e8tres entre la Mamounia et la M\u00e9nara, tout en accordant un int\u00e9r\u00eat particulier aux accessibilit\u00e9s pour les personnes \u00e0 mobilit\u00e9 r\u00e9duite.<\/p>\n<p>L\u2019ensemble des am\u00e9nagements paysagers du parc (mat\u00e9riaux et v\u00e9g\u00e9taux, les textures et les couleurs) a \u00e9t\u00e9 minutieusement \u00e9tudi\u00e9 dans le respect absolu d\u2019une d\u00e9marche environnementale destin\u00e9e \u00e0 cr\u00e9er un Parc harmonieux et parfaitement int\u00e9gr\u00e9 dans son environnement, et durable dans son fonctionnement.<\/p>\n<p>Ainsi, les v\u00e9g\u00e9taux proviennent des p\u00e9pini\u00e8res locales, et sont choisis pour leur rusticit\u00e9 au climat r\u00e9gional, n\u00e9cessitant peu de tailles, r\u00e9sistants aux insectes, aux maladies et \u00e0 la s\u00e9cheresse.<\/p>\n<p>En outre, l\u2019utilisation d\u2019engrais et de traitements phytosanitaires chimiques est proscrite dans ce parc alors que l\u2019apport de mati\u00e8res organiques locales est favoris\u00e9.<\/p>\n<p>L\u2019arrosage des v\u00e9g\u00e9taux est r\u00e9duit au syst\u00e8me goutte-\u00e0-goutte afin de diminuer la consommation d\u2019eau, tandis que les surfaces en gazon sont r\u00e9duites au minimum et arros\u00e9es par un syst\u00e8me d\u2019asperseurs.<\/p>\n<p>Pour ce qui est de l\u2019\u00e9clairage du parc, il fait usage de la technologie LED et de l\u2019\u00e9nergie solaire.<\/p>\n<p>Ce projet, dont les travaux ont dur\u00e9 pr\u00e8s de 3 ans, vise \u00e0 renforcer le caract\u00e8re et la vocation de ville verte de Marrakech, d\u00e9velopper une promenade N\u2019Zaha entre la M\u00e9dina et la M\u00e9nara, proposer des ambiances v\u00e9g\u00e9tales typiques (oliveraies, vergers, palmeraies, d\u00e9sert de pierres et de sable), conserver la v\u00e9g\u00e9tation existante (oliviers, palmiers, jardins p\u00e9riph\u00e9riques,\u2026 ), compl\u00e9ter l\u2019offre de stationnement en cr\u00e9ant des parkings de proximit\u00e9 (plus de 1.000 nouvelles places cr\u00e9\u00e9es) et favoriser les d\u00e9placements en mode doux (pi\u00e9tons, cal\u00e8ches, bicyclettes, v\u00e9lo-taxi, jogging).<\/p>\n<p>Il s\u2019agit aussi d\u2019am\u00e9liorer les conditions d\u2019accueil et d\u2019organisation des \u00e9v\u00e8nements temporaires, int\u00e9grer le nouveau parc sportif dans un environnement valoris\u00e9, offrir des lieux de repos et des activit\u00e9s pour tous les \u00e2ges et conserver des r\u00e9serves fonci\u00e8res pour des am\u00e9nagements et \u00e9quipements ult\u00e9rieurs.<\/p>\n<p>S\u2019agissant des composantes de ce projet, l\u2019Esplanade Moulay El Hassan comporte un espace am\u00e9nag\u00e9 en parc urbain et permettant d\u2019accueillir des \u00e9v\u00e8nements divers, une promenade N\u2019Zaha am\u00e9nag\u00e9e le long de l\u2019avenue Moulay El Hassan, une grande plaine de jeux en gazon synth\u00e9tique, des parkings paysagers de proximit\u00e9 de plus de 1.000 places, selon une fiche technique de ce projet.<\/p>\n<p>L\u2019Esplanade Moulay El Hassan comprend aussi cinq placettes d\u2019acc\u00e8s de style andalou ponctuant la promenade et permettant des acc\u00e8s multiples, des kiosques abritant des activit\u00e9s commerciales (petite restauration, jeux, sanitaires), un grand jardin de cact\u00e9es et plantes grasses, unique au Maroc, s\u2019\u00e9talant sur plus d\u2019un hectare et qui constitue une vitrine botanique ouverte au grand public.<\/p>\n<p>Ce projet se compose, en outre, d\u2019all\u00e9es et de chemins pour toutes les fonctions (Cal\u00e8ches, pi\u00e9tons, bicyclettes, v\u00e9lo-taxi, jogging\u2026), un belv\u00e9d\u00e8re en colima\u00e7on, des aires de repos et de jeux (Echecs, P\u00e9tanque), plusieurs terrains de sport, un am\u00e9nagement sp\u00e9cifique et paysager des aires d\u2019accueil pour les poneys et les dromadaires de ballade.<\/p>\n<p>A rappeler que le projet \u00ab\u00a0Marrakech cit\u00e9 du renouveau permanent\u00a0\u00bb, dont la c\u00e9r\u00e9monie de lancement a \u00e9t\u00e9 pr\u00e9sid\u00e9e par Sa Majest\u00e9 le Roi Mohammed VI en 2014, repr\u00e9sente un programme ambitieux qui traduit la ferme volont\u00e9 du Souverain d\u2019assurer un essor \u00e9quilibr\u00e9, int\u00e9gr\u00e9 et durable \u00e0 la ville ocre et de permettre \u00e0 la ville de se hisser au niveau des grandes m\u00e9tropoles internationales.<\/p>\n<p>Bas\u00e9 sur une approche novatrice en termes de transversalit\u00e9, d\u2019int\u00e9gration et de coh\u00e9rence des interventions publiques, ce projet structurant vise \u00e0 accompagner le d\u00e9veloppement urbain et d\u00e9mographique de la ville, renforcer son attractivit\u00e9 \u00e9conomique, consolider sa place en tant que p\u00f4le touristique mondial, am\u00e9liorer les infrastructures socioculturelles et sportives en son sein et promouvoir les indicateurs de d\u00e9veloppement humain.<\/p>\n<p>Mobilisant des investissements de 6,3 milliards de dirhams, ce programme s\u2019articule autour de cinq principaux axes \u00e0 savoir : la valorisation du patrimoine culturel, l\u2019am\u00e9lioration de la mobilit\u00e9 urbaine, l\u2019int\u00e9gration urbaine, la promotion de la bonne gouvernance, et la pr\u00e9servation de l\u2019environnement.<\/p>\n<p>The post <a rel=\"nofollow\" href=\"https:\/\/www.mapmarrakech.ma\/fr\/inauguration-a-marrakech-de-lesplanade-moulay-el-hassan\/\">Inauguration \u00e0 Marrakech de l\u2019Esplanade Moulay El Hassan<\/a> appeared first on <a rel=\"nofollow\" href=\"https:\/\/www.mapmarrakech.ma\/fr\">MapMarrakech<\/a>.<\/p>\n<\/div>\n<p>Auteur: Meriem IGASS<br \/>\n<a href=\"https:\/\/www.mapmarrakech.ma\/fr\/inauguration-a-marrakech-de-lesplanade-moulay-el-hassan\/\">Cliquez ici pour lire l&rsquo;article depuis sa source.<\/a><\/p>\n","protected":false},"excerpt":{"rendered":"<p>La c\u00e9r\u00e9monie d\u2019inauguration de cet espace a eu lieu dans le cadre de la c\u00e9l\u00e9bration du 19\u00e8 anniversaire de SAR le Prince H\u00e9ritier Moulay El Hassan et s\u2019est d\u00e9roul\u00e9e en pr\u00e9sence notamment, du wali de la r\u00e9gion Marrakech-Safi, gouverneur de la pr\u00e9fecture de Marrakech, M. Karim Kassi-Lahlou, de la pr\u00e9sidente du Conseil communal de Marrakech, [&hellip;]<\/p>\n","protected":false},"author":1788,"featured_media":0,"comment_status":"closed","ping_status":"closed","sticky":false,"template":"","format":"standard","meta":{"fifu_image_url":"https:\/\/www.mapmarrakech.ma\/map\/uploads\/2022\/05\/esplanade-mulay-el-hassan-copier.jpg","fifu_image_alt":"Inauguration \u00e0 Marrakech de l\u2019Esplanade Moulay El Hassan","footnotes":""},"categories":[54,76],"tags":[],"class_list":["post-147273","post","type-post","status-publish","format-standard","hentry","category-maroc","category-regions"],"_links":{"self":[{"href":"https:\/\/linitiative.ca\/International\/wp-json\/wp\/v2\/posts\/147273","targetHints":{"allow":["GET"]}}],"collection":[{"href":"https:\/\/linitiative.ca\/International\/wp-json\/wp\/v2\/posts"}],"about":[{"href":"https:\/\/linitiative.ca\/International\/wp-json\/wp\/v2\/types\/post"}],"author":[{"embeddable":true,"href":"https:\/\/linitiative.ca\/International\/wp-json\/wp\/v2\/users\/1788"}],"replies":[{"embeddable":true,"href":"https:\/\/linitiative.ca\/International\/wp-json\/wp\/v2\/comments?post=147273"}],"version-history":[{"count":0,"href":"https:\/\/linitiative.ca\/International\/wp-json\/wp\/v2\/posts\/147273\/revisions"}],"wp:attachment":[{"href":"https:\/\/linitiative.ca\/International\/wp-json\/wp\/v2\/media?parent=147273"}],"wp:term":[{"taxonomy":"category","embeddable":true,"href":"https:\/\/linitiative.ca\/International\/wp-json\/wp\/v2\/categories?post=147273"},{"taxonomy":"post_tag","embeddable":true,"href":"https:\/\/linitiative.ca\/International\/wp-json\/wp\/v2\/tags?post=147273"}],"curies":[{"name":"wp","href":"https:\/\/api.w.org\/{rel}","templated":true}]}}