{"id":147275,"date":"2022-05-09T10:09:30","date_gmt":"2022-05-09T14:09:30","guid":{"rendered":"https:\/\/linitiative.ca\/International\/vague-de-chaleur-du-lundi-au-mercredi-dans-plusieurs-provinces\/"},"modified":"2022-05-09T10:09:30","modified_gmt":"2022-05-09T14:09:30","slug":"vague-de-chaleur-du-lundi-au-mercredi-dans-plusieurs-provinces","status":"publish","type":"post","link":"https:\/\/linitiative.ca\/International\/vague-de-chaleur-du-lundi-au-mercredi-dans-plusieurs-provinces\/","title":{"rendered":"Vague de chaleur du lundi au mercredi dans plusieurs provinces"},"content":{"rendered":"<div>\n<div style=\"margin-bottom:20px;\"><img loading=\"lazy\" decoding=\"async\" width=\"750\" height=\"430\" src=\"https:\/\/linitiative.ca\/International\/wp-content\/uploads\/sites\/23\/2022\/05\/soleil_mC3A9tC3A9o-3-1.jpg\" class=\"attachment-post-thumbnail size-post-thumbnail wp-post-image\" alt=\"\" srcset=\"https:\/\/linitiative.ca\/International\/wp-content\/uploads\/sites\/23\/2022\/05\/soleil_mC3A9tC3A9o-3-1.jpg 750w, https:\/\/www.mapmarrakech.ma\/map\/uploads\/2022\/05\/soleil_m\u00e9t\u00e9o-3-1-300x172.jpg 300w\" sizes=\"auto, (max-width: 750px) 100vw, 750px\"><\/div>\n<p align=\"justify\">Ainsi, des temp\u00e9ratures variant entre 38 et 42\u00b0C concerneront, du lundi au mercredi, les provinces de Taroudant, Agadir-Ida-Ou-Tanane, Ait Melloul, Guelmim, Tan-Tan, Es-Semara, Tata, Tiznit, Chtouka-Ait Baha, Assa-Zag, Sidi Ifni et l\u2019int\u00e9rieur des provinces de La\u00e2youne, Boujdour, Tarfaya, Oued Ed-Dahab et Aousserd, indique la DGM dans un bulletin d\u2019alerte m\u00e9t\u00e9orologique faisant \u00e9tat d\u2019un niveau de vigilance orange.<\/p>\n<p align=\"justify\">Quant aux provinces de Marrakech, Fquih Ben Salah, Beni Mellal, Sidi Bennour, Settat, Rehamna, El Kelaa des Sraghna, Chichaoua, Youssoufia, Sidi Slimane, Sidi Kacem et l\u2019int\u00e9rieur des provinces de Safi et Essaouira, elles conna\u00eetront des temp\u00e9ratures variant entre 37 et 40 degr\u00e9s, ajoute la m\u00eame source.<\/p>\n<p>Des temp\u00e9ratures allant de 35 \u00e0 38\u00b0C int\u00e9resseront, les mardi et mercredi, les provinces de Larache, Ouezzane, Kenitra, Khemisset, Berrechid, Benslimane et l\u2019int\u00e9rieur des provinces de Rabat-Sal\u00e9 et Skhirate-Temara, conclut le bulletin d\u2019alerte.<\/p>\n<p>The post <a rel=\"nofollow\" href=\"https:\/\/www.mapmarrakech.ma\/fr\/vague-de-chaleur-du-lundi-au-mercredi-dans-plusieurs-provinces\/\">Vague de chaleur du lundi au mercredi dans plusieurs provinces<\/a> appeared first on <a rel=\"nofollow\" href=\"https:\/\/www.mapmarrakech.ma\/fr\">MapMarrakech<\/a>.<\/p>\n<\/div>\n<p>Auteur: Meriem IGASS<br \/>\n<a href=\"https:\/\/www.mapmarrakech.ma\/fr\/vague-de-chaleur-du-lundi-au-mercredi-dans-plusieurs-provinces\/\">Cliquez ici pour lire l&rsquo;article depuis sa source.<\/a><\/p>\n","protected":false},"excerpt":{"rendered":"<p>Ainsi, des temp\u00e9ratures variant entre 38 et 42\u00b0C concerneront, du lundi au mercredi, les provinces de Taroudant, Agadir-Ida-Ou-Tanane, Ait Melloul, Guelmim, Tan-Tan, Es-Semara, Tata, Tiznit, Chtouka-Ait Baha, Assa-Zag, Sidi Ifni et l\u2019int\u00e9rieur des provinces de La\u00e2youne, Boujdour, Tarfaya, Oued Ed-Dahab et Aousserd, indique la DGM dans un bulletin d\u2019alerte m\u00e9t\u00e9orologique faisant \u00e9tat d\u2019un niveau de [&hellip;]<\/p>\n","protected":false},"author":1788,"featured_media":0,"comment_status":"closed","ping_status":"closed","sticky":false,"template":"","format":"standard","meta":{"fifu_image_url":"https:\/\/www.mapmarrakech.ma\/map\/uploads\/2022\/05\/soleil_m\u00e9t\u00e9o-3-1.jpg","fifu_image_alt":"Vague de chaleur du lundi au mercredi dans plusieurs provinces","footnotes":""},"categories":[54,76],"tags":[],"class_list":["post-147275","post","type-post","status-publish","format-standard","hentry","category-maroc","category-regions"],"_links":{"self":[{"href":"https:\/\/linitiative.ca\/International\/wp-json\/wp\/v2\/posts\/147275","targetHints":{"allow":["GET"]}}],"collection":[{"href":"https:\/\/linitiative.ca\/International\/wp-json\/wp\/v2\/posts"}],"about":[{"href":"https:\/\/linitiative.ca\/International\/wp-json\/wp\/v2\/types\/post"}],"author":[{"embeddable":true,"href":"https:\/\/linitiative.ca\/International\/wp-json\/wp\/v2\/users\/1788"}],"replies":[{"embeddable":true,"href":"https:\/\/linitiative.ca\/International\/wp-json\/wp\/v2\/comments?post=147275"}],"version-history":[{"count":0,"href":"https:\/\/linitiative.ca\/International\/wp-json\/wp\/v2\/posts\/147275\/revisions"}],"wp:attachment":[{"href":"https:\/\/linitiative.ca\/International\/wp-json\/wp\/v2\/media?parent=147275"}],"wp:term":[{"taxonomy":"category","embeddable":true,"href":"https:\/\/linitiative.ca\/International\/wp-json\/wp\/v2\/categories?post=147275"},{"taxonomy":"post_tag","embeddable":true,"href":"https:\/\/linitiative.ca\/International\/wp-json\/wp\/v2\/tags?post=147275"}],"curies":[{"name":"wp","href":"https:\/\/api.w.org\/{rel}","templated":true}]}}