{"id":147284,"date":"2022-05-09T10:46:50","date_gmt":"2022-05-09T14:46:50","guid":{"rendered":"https:\/\/linitiative.ca\/International\/la-patronne-de-la-berd-chez-fettah-alaoui\/"},"modified":"2022-05-09T10:46:50","modified_gmt":"2022-05-09T14:46:50","slug":"la-patronne-de-la-berd-chez-fettah-alaoui","status":"publish","type":"post","link":"https:\/\/linitiative.ca\/International\/la-patronne-de-la-berd-chez-fettah-alaoui\/","title":{"rendered":"La patronne de la BERD chez Fettah Alaoui"},"content":{"rendered":"<div>\n<div class=\"field field-name-body field-type-text-with-summary field-label-hidden\">\n<div class=\"field-items\">\n<div class=\"field-item even\" property=\"content:encoded\">\n<p class=\"rtejustify\">Nadia Fettah Alaoui, ministre de l\u2019\u00c9conomie et des Finances, a re\u00e7u ce lundi Odile Renaud-Basso, pr\u00e9sidente de la Banque europ\u00e9enne pour la reconstruction et le d\u00e9veloppement (BERD), accompagn\u00e9e de Sarah Fountain Smith, administratrice repr\u00e9sentant le Maroc au Conseil d\u2019administration de la Banque. Cette rencontre intervient \u00e0 l\u2019occasion de la tenue de la 31e session des Assembl\u00e9es annuelles du Conseil des Gouverneurs de la BERD qui se tient du 10 au 12 mai 2022 \u00e0 Marrakech, sous le th\u00e8me \u00ab Relever les d\u00e9fis dans un monde turbulent \u00bb.<\/p>\n<\/div>\n<\/div>\n<\/div>\n<\/div>\n<p>Auteur: hgueye<br \/>\n<a href=\"https:\/\/www.leconomiste.com\/flash-infos\/la-patronne-de-la-berd-chez-fettah-alaoui\">Cliquez ici pour lire l&rsquo;article depuis sa source.<\/a><\/p>\n","protected":false},"excerpt":{"rendered":"<p>Nadia Fettah Alaoui, ministre de l\u2019\u00c9conomie et des Finances, a re\u00e7u ce lundi Odile Renaud-Basso, pr\u00e9sidente de la Banque europ\u00e9enne pour la reconstruction et le d\u00e9veloppement (BERD), accompagn\u00e9e de Sarah Fountain Smith, administratrice repr\u00e9sentant le Maroc au Conseil d\u2019administration de la Banque. Cette rencontre intervient \u00e0 l\u2019occasion de la tenue de la 31e session des [&hellip;]<\/p>\n","protected":false},"author":1763,"featured_media":0,"comment_status":"closed","ping_status":"closed","sticky":false,"template":"","format":"standard","meta":{"fifu_image_url":"","fifu_image_alt":"","footnotes":""},"categories":[78,54],"tags":[],"class_list":["post-147284","post","type-post","status-publish","format-standard","hentry","category-economie","category-maroc"],"_links":{"self":[{"href":"https:\/\/linitiative.ca\/International\/wp-json\/wp\/v2\/posts\/147284","targetHints":{"allow":["GET"]}}],"collection":[{"href":"https:\/\/linitiative.ca\/International\/wp-json\/wp\/v2\/posts"}],"about":[{"href":"https:\/\/linitiative.ca\/International\/wp-json\/wp\/v2\/types\/post"}],"author":[{"embeddable":true,"href":"https:\/\/linitiative.ca\/International\/wp-json\/wp\/v2\/users\/1763"}],"replies":[{"embeddable":true,"href":"https:\/\/linitiative.ca\/International\/wp-json\/wp\/v2\/comments?post=147284"}],"version-history":[{"count":0,"href":"https:\/\/linitiative.ca\/International\/wp-json\/wp\/v2\/posts\/147284\/revisions"}],"wp:attachment":[{"href":"https:\/\/linitiative.ca\/International\/wp-json\/wp\/v2\/media?parent=147284"}],"wp:term":[{"taxonomy":"category","embeddable":true,"href":"https:\/\/linitiative.ca\/International\/wp-json\/wp\/v2\/categories?post=147284"},{"taxonomy":"post_tag","embeddable":true,"href":"https:\/\/linitiative.ca\/International\/wp-json\/wp\/v2\/tags?post=147284"}],"curies":[{"name":"wp","href":"https:\/\/api.w.org\/{rel}","templated":true}]}}