{"id":147287,"date":"2022-05-09T00:36:00","date_gmt":"2022-05-09T04:36:00","guid":{"rendered":"https:\/\/linitiative.ca\/International\/real-ancelotti-explique-pourquoi-benzema-est-reste-sur-le-banc-face-a-latletico\/"},"modified":"2022-05-09T00:36:00","modified_gmt":"2022-05-09T04:36:00","slug":"real-ancelotti-explique-pourquoi-benzema-est-reste-sur-le-banc-face-a-latletico","status":"publish","type":"post","link":"https:\/\/linitiative.ca\/International\/real-ancelotti-explique-pourquoi-benzema-est-reste-sur-le-banc-face-a-latletico\/","title":{"rendered":"Real : Ancelotti explique pourquoi Benzema est rest\u00e9 sur le banc face \u00e0 l&rsquo;Atl\u00e9tico"},"content":{"rendered":"<div>Battu par l\u2019Atl\u00e9tico ce dimanche soir (1-0), Carlo Ancelotti s\u2019est exprim\u00e9 sur ses choix et sa d\u00e9ception&#8230;<\/div>\n<p>Auteur:<br \/>\n<a href=\"https:\/\/www.lebuteur.com\/article\/detail?titre=real-ancelotti-explique-pourquoi-benzema-est-reste-sur-le-banc-face-a-latletico&#038;id=102847\">Cliquez ici pour lire l&rsquo;article depuis sa source.<\/a><\/p>\n","protected":false},"excerpt":{"rendered":"<p>Battu par l\u2019Atl\u00e9tico ce dimanche soir (1-0), Carlo Ancelotti s\u2019est exprim\u00e9 sur ses choix et sa d\u00e9ception&#8230; Auteur: Cliquez ici pour lire l&rsquo;article depuis sa source.<\/p>\n","protected":false},"author":1738,"featured_media":0,"comment_status":"closed","ping_status":"closed","sticky":false,"template":"","format":"standard","meta":{"fifu_image_url":"","fifu_image_alt":"","footnotes":""},"categories":[53,75],"tags":[],"class_list":["post-147287","post","type-post","status-publish","format-standard","hentry","category-algerie","category-sport"],"_links":{"self":[{"href":"https:\/\/linitiative.ca\/International\/wp-json\/wp\/v2\/posts\/147287","targetHints":{"allow":["GET"]}}],"collection":[{"href":"https:\/\/linitiative.ca\/International\/wp-json\/wp\/v2\/posts"}],"about":[{"href":"https:\/\/linitiative.ca\/International\/wp-json\/wp\/v2\/types\/post"}],"author":[{"embeddable":true,"href":"https:\/\/linitiative.ca\/International\/wp-json\/wp\/v2\/users\/1738"}],"replies":[{"embeddable":true,"href":"https:\/\/linitiative.ca\/International\/wp-json\/wp\/v2\/comments?post=147287"}],"version-history":[{"count":0,"href":"https:\/\/linitiative.ca\/International\/wp-json\/wp\/v2\/posts\/147287\/revisions"}],"wp:attachment":[{"href":"https:\/\/linitiative.ca\/International\/wp-json\/wp\/v2\/media?parent=147287"}],"wp:term":[{"taxonomy":"category","embeddable":true,"href":"https:\/\/linitiative.ca\/International\/wp-json\/wp\/v2\/categories?post=147287"},{"taxonomy":"post_tag","embeddable":true,"href":"https:\/\/linitiative.ca\/International\/wp-json\/wp\/v2\/tags?post=147287"}],"curies":[{"name":"wp","href":"https:\/\/api.w.org\/{rel}","templated":true}]}}