{"id":147291,"date":"2022-05-09T04:22:00","date_gmt":"2022-05-09T08:22:00","guid":{"rendered":"https:\/\/linitiative.ca\/International\/cartographie-le-cabinet-du-president-kais-saied\/"},"modified":"2022-05-09T04:22:00","modified_gmt":"2022-05-09T08:22:00","slug":"cartographie-le-cabinet-du-president-kais-saied","status":"publish","type":"post","link":"https:\/\/linitiative.ca\/International\/cartographie-le-cabinet-du-president-kais-saied\/","title":{"rendered":"Cartographie: Le cabinet du pr\u00e9sident Ka\u00efs Sa\u00efed"},"content":{"rendered":"<div><img decoding=\"async\" src=\"https:\/\/linitiative.ca\/International\/wp-content\/uploads\/sites\/23\/2022\/05\/1652082169_article.jpg\" alt=\"Cartographie: Le cabinet du pr\u00e9sident Ka\u00efs Sa\u00efed\" align=\"left\">C\u2019est un staff tr\u00e8s r\u00e9duit qui forme le cabinet du pr\u00e9sident de la R\u00e9publique. Compos\u00e9 de 11 membres, dont deux femmes, il comprend trois conseillers principaux, trois conseillers et cinq attach\u00e9s. Depuis le d\u00e9part de l\u2019ancienne ministre-directeur du cabinet pr\u00e9sidentiel, Nadia Akacha, fin janvier dernier, c\u2019est Walid Hajjem, diplomate de carri\u00e8re, ministre pl\u00e9nipotentiaire, conseiller aupr\u00e8s du pr\u00e9sident de la R\u00e9publique et chef du d\u00e9partement diplomatique, qui assure la coordination du cabinet.<br \/>\nSur cette photo, prise le 18 avril 2022, \u00e0 l\u2019occasion de la c\u00e9l\u00e9bration du 66e anniversaire de la cr\u00e9ation des forces de s\u00e9curit\u00e9 int\u00e9rieure, on reconna\u00eet huit parmi &#8230;<\/p>\n<\/div>\n<p>Auteur:<br \/>\n<a href=\"https:\/\/www.leaders.com.tn\/article\/33317-cartographie-le-cabinet-du-president-kais-saied\">Cliquez ici pour lire l&rsquo;article depuis sa source.<\/a><\/p>\n","protected":false},"excerpt":{"rendered":"<p>C\u2019est un staff tr\u00e8s r\u00e9duit qui forme le cabinet du pr\u00e9sident de la R\u00e9publique. Compos\u00e9 de 11 membres, dont deux femmes, il comprend trois conseillers principaux, trois conseillers et cinq attach\u00e9s. Depuis le d\u00e9part de l\u2019ancienne ministre-directeur du cabinet pr\u00e9sidentiel, Nadia Akacha, fin janvier dernier, c\u2019est Walid Hajjem, diplomate de carri\u00e8re, ministre pl\u00e9nipotentiaire, conseiller aupr\u00e8s [&hellip;]<\/p>\n","protected":false},"author":1772,"featured_media":0,"comment_status":"closed","ping_status":"closed","sticky":false,"template":"","format":"standard","meta":{"fifu_image_url":"http:\/\/www.leaders.com.tn\/uploads\/content\/thumbnails_small\/1652082169_article.jpg","fifu_image_alt":"Cartographie: Le cabinet du pr\u00e9sident Ka\u00efs Sa\u00efed","footnotes":""},"categories":[73,55],"tags":[],"class_list":["post-147291","post","type-post","status-publish","format-standard","hentry","category-actualite","category-tunisie"],"_links":{"self":[{"href":"https:\/\/linitiative.ca\/International\/wp-json\/wp\/v2\/posts\/147291","targetHints":{"allow":["GET"]}}],"collection":[{"href":"https:\/\/linitiative.ca\/International\/wp-json\/wp\/v2\/posts"}],"about":[{"href":"https:\/\/linitiative.ca\/International\/wp-json\/wp\/v2\/types\/post"}],"author":[{"embeddable":true,"href":"https:\/\/linitiative.ca\/International\/wp-json\/wp\/v2\/users\/1772"}],"replies":[{"embeddable":true,"href":"https:\/\/linitiative.ca\/International\/wp-json\/wp\/v2\/comments?post=147291"}],"version-history":[{"count":0,"href":"https:\/\/linitiative.ca\/International\/wp-json\/wp\/v2\/posts\/147291\/revisions"}],"wp:attachment":[{"href":"https:\/\/linitiative.ca\/International\/wp-json\/wp\/v2\/media?parent=147291"}],"wp:term":[{"taxonomy":"category","embeddable":true,"href":"https:\/\/linitiative.ca\/International\/wp-json\/wp\/v2\/categories?post=147291"},{"taxonomy":"post_tag","embeddable":true,"href":"https:\/\/linitiative.ca\/International\/wp-json\/wp\/v2\/tags?post=147291"}],"curies":[{"name":"wp","href":"https:\/\/api.w.org\/{rel}","templated":true}]}}