{"id":147293,"date":"2022-05-09T05:30:00","date_gmt":"2022-05-09T09:30:00","guid":{"rendered":"https:\/\/linitiative.ca\/International\/samir-saied-renflouer-les-pme\/"},"modified":"2022-05-09T05:30:00","modified_gmt":"2022-05-09T09:30:00","slug":"samir-saied-renflouer-les-pme","status":"publish","type":"post","link":"https:\/\/linitiative.ca\/International\/samir-saied-renflouer-les-pme\/","title":{"rendered":"Samir Sa\u00efed: Renflouer les PME"},"content":{"rendered":"<div><img decoding=\"async\" src=\"https:\/\/linitiative.ca\/International\/wp-content\/uploads\/sites\/23\/2022\/05\/1652085490_article.jpg\" alt=\"Tunisie: Renflouer les PME\" align=\"left\">S\u2019il ne pr\u00e9cise pas o\u00f9 il en puisera les fonds, Samir Sa\u00efed, ministre de l\u2019Economie et du Plan, s\u2019y engage. Dans une s\u00e9rie de 42 mesures d\u2019urgence pour la relance de l\u2019\u00e9conomie, il s\u2019attache \u00e0 renforcer la liquidit\u00e9 des PME, l\u2019acc\u00e9l\u00e9ration des projets publics, la r\u00e9vision de la r\u00e9glementation pour l\u2019am\u00e9lioration du climat des affaires et l\u2019accroissement de la comp\u00e9titivit\u00e9 des entreprises exportatrices. Le ministre s\u2019est engag\u00e9 au r\u00e8glement d\u2019une partie des arri\u00e9r\u00e9s dus par l\u2019Etat \u00e0 ses fournisseurs, en accordant la priorit\u00e9 aux entreprises de BTP. Il a \u00e9galement annonc\u00e9 la cr\u00e9ation d\u2019une ligne de financement ext\u00e9rieur d\u2019un montant de 50 &#8230;<\/p>\n<\/div>\n<p>Auteur:<br \/>\n<a href=\"https:\/\/www.leaders.com.tn\/article\/33318-tunisie-renflouer-les-pme\">Cliquez ici pour lire l&rsquo;article depuis sa source.<\/a><\/p>\n","protected":false},"excerpt":{"rendered":"<p>S\u2019il ne pr\u00e9cise pas o\u00f9 il en puisera les fonds, Samir Sa\u00efed, ministre de l\u2019Economie et du Plan, s\u2019y engage. Dans une s\u00e9rie de 42 mesures d\u2019urgence pour la relance de l\u2019\u00e9conomie, il s\u2019attache \u00e0 renforcer la liquidit\u00e9 des PME, l\u2019acc\u00e9l\u00e9ration des projets publics, la r\u00e9vision de la r\u00e9glementation pour l\u2019am\u00e9lioration du climat des affaires [&hellip;]<\/p>\n","protected":false},"author":1772,"featured_media":0,"comment_status":"closed","ping_status":"closed","sticky":false,"template":"","format":"standard","meta":{"fifu_image_url":"http:\/\/www.leaders.com.tn\/uploads\/content\/thumbnails_small\/1652085490_article.jpg","fifu_image_alt":"Samir Sa\u00efed: Renflouer les PME","footnotes":""},"categories":[73,55],"tags":[],"class_list":["post-147293","post","type-post","status-publish","format-standard","hentry","category-actualite","category-tunisie"],"_links":{"self":[{"href":"https:\/\/linitiative.ca\/International\/wp-json\/wp\/v2\/posts\/147293","targetHints":{"allow":["GET"]}}],"collection":[{"href":"https:\/\/linitiative.ca\/International\/wp-json\/wp\/v2\/posts"}],"about":[{"href":"https:\/\/linitiative.ca\/International\/wp-json\/wp\/v2\/types\/post"}],"author":[{"embeddable":true,"href":"https:\/\/linitiative.ca\/International\/wp-json\/wp\/v2\/users\/1772"}],"replies":[{"embeddable":true,"href":"https:\/\/linitiative.ca\/International\/wp-json\/wp\/v2\/comments?post=147293"}],"version-history":[{"count":0,"href":"https:\/\/linitiative.ca\/International\/wp-json\/wp\/v2\/posts\/147293\/revisions"}],"wp:attachment":[{"href":"https:\/\/linitiative.ca\/International\/wp-json\/wp\/v2\/media?parent=147293"}],"wp:term":[{"taxonomy":"category","embeddable":true,"href":"https:\/\/linitiative.ca\/International\/wp-json\/wp\/v2\/categories?post=147293"},{"taxonomy":"post_tag","embeddable":true,"href":"https:\/\/linitiative.ca\/International\/wp-json\/wp\/v2\/tags?post=147293"}],"curies":[{"name":"wp","href":"https:\/\/api.w.org\/{rel}","templated":true}]}}