{"id":147295,"date":"2022-05-09T11:59:00","date_gmt":"2022-05-09T15:59:00","guid":{"rendered":"https:\/\/linitiative.ca\/International\/les-experts-comptables-et-commissaires-aux-comptes-francophones-en-colloque-international-ce-mercredi-a-yasmine-hammamet\/"},"modified":"2022-05-09T11:59:00","modified_gmt":"2022-05-09T15:59:00","slug":"les-experts-comptables-et-commissaires-aux-comptes-francophones-en-colloque-international-ce-mercredi-a-yasmine-hammamet","status":"publish","type":"post","link":"https:\/\/linitiative.ca\/International\/les-experts-comptables-et-commissaires-aux-comptes-francophones-en-colloque-international-ce-mercredi-a-yasmine-hammamet\/","title":{"rendered":"Les Experts-comptables et Commissaires aux comptes francophones en colloque international ce mercredi \u00e0 Yasmine Hammamet"},"content":{"rendered":"<div><img decoding=\"async\" src=\"https:\/\/linitiative.ca\/International\/wp-content\/uploads\/sites\/23\/2022\/05\/1652108721_article.jpg\" alt=\"Les Experts-comptables et Commissaires aux comptes francophones en colloque international ce mercredi \u00e0 Yasmine Hammamet\" align=\"left\">Plus de 500 participants venus de 37 pays prendront part au colloque de la F\u00e9d\u00e9ration internationale des experts-comptables et commissaires aux comptes francophones (FIDEF), qui se tiendra ce mercredi 11 mai 2022 \u00e0 Yasmine Hammamet. C\u00e9l\u00e9brant le 40\u00e8me anniversaire de la FIDEF, ce colloque traitera de trois th\u00e9matiques phares \u00e0 savoir: le r\u00f4le des experts-comptables et commissaires aux comptes dans le d\u00e9veloppement \u00e9conomique, l\u2019inclusion de l\u2019informel et la lutte contre le blanchiment d\u2019argent.<br \/>\n\u00ab Cette manifestation devant rassembler pr\u00e8s de 500 participants, dont la moiti\u00e9 venant de l\u2019\u00e9tranger est particuli\u00e8rement significative, souligne M. Slaheddine Zahaf, &#8230;<\/p>\n<\/div>\n<p>Auteur:<br \/>\n<a href=\"https:\/\/www.leaders.com.tn\/article\/33322-les-experts-comptables-et-commissaires-aux-comptes-francophones-en-colloque-international-ce-mercredi-a-yasmine-hammamet\">Cliquez ici pour lire l&rsquo;article depuis sa source.<\/a><\/p>\n","protected":false},"excerpt":{"rendered":"<p>Plus de 500 participants venus de 37 pays prendront part au colloque de la F\u00e9d\u00e9ration internationale des experts-comptables et commissaires aux comptes francophones (FIDEF), qui se tiendra ce mercredi 11 mai 2022 \u00e0 Yasmine Hammamet. C\u00e9l\u00e9brant le 40\u00e8me anniversaire de la FIDEF, ce colloque traitera de trois th\u00e9matiques phares \u00e0 savoir: le r\u00f4le des experts-comptables [&hellip;]<\/p>\n","protected":false},"author":1772,"featured_media":0,"comment_status":"closed","ping_status":"closed","sticky":false,"template":"","format":"standard","meta":{"fifu_image_url":"http:\/\/www.leaders.com.tn\/uploads\/content\/thumbnails_small\/1652108721_article.jpg","fifu_image_alt":"Les Experts-comptables et Commissaires aux comptes francophones en colloque international ce mercredi \u00e0 Yasmine Hammamet","footnotes":""},"categories":[73,55],"tags":[],"class_list":["post-147295","post","type-post","status-publish","format-standard","hentry","category-actualite","category-tunisie"],"_links":{"self":[{"href":"https:\/\/linitiative.ca\/International\/wp-json\/wp\/v2\/posts\/147295","targetHints":{"allow":["GET"]}}],"collection":[{"href":"https:\/\/linitiative.ca\/International\/wp-json\/wp\/v2\/posts"}],"about":[{"href":"https:\/\/linitiative.ca\/International\/wp-json\/wp\/v2\/types\/post"}],"author":[{"embeddable":true,"href":"https:\/\/linitiative.ca\/International\/wp-json\/wp\/v2\/users\/1772"}],"replies":[{"embeddable":true,"href":"https:\/\/linitiative.ca\/International\/wp-json\/wp\/v2\/comments?post=147295"}],"version-history":[{"count":0,"href":"https:\/\/linitiative.ca\/International\/wp-json\/wp\/v2\/posts\/147295\/revisions"}],"wp:attachment":[{"href":"https:\/\/linitiative.ca\/International\/wp-json\/wp\/v2\/media?parent=147295"}],"wp:term":[{"taxonomy":"category","embeddable":true,"href":"https:\/\/linitiative.ca\/International\/wp-json\/wp\/v2\/categories?post=147295"},{"taxonomy":"post_tag","embeddable":true,"href":"https:\/\/linitiative.ca\/International\/wp-json\/wp\/v2\/tags?post=147295"}],"curies":[{"name":"wp","href":"https:\/\/api.w.org\/{rel}","templated":true}]}}