{"id":14731,"date":"2019-02-16T11:07:12","date_gmt":"2019-02-16T16:07:12","guid":{"rendered":"https:\/\/linitiative.ca\/International\/85643-sabre-feminin-mondial-2019-juniors-benaouda-et-benchekor-qualifiees-en-32es\/"},"modified":"2019-02-16T11:07:12","modified_gmt":"2019-02-16T16:07:12","slug":"85643-sabre-feminin-mondial-2019-juniors-benaouda-et-benchekor-qualifiees-en-32es","status":"publish","type":"post","link":"https:\/\/linitiative.ca\/International\/85643-sabre-feminin-mondial-2019-juniors-benaouda-et-benchekor-qualifiees-en-32es\/","title":{"rendered":"Sabre f\u00e9minin-mondial 2019 \u00ab\u00a0juniors\u00a0\u00bb: Benaouda et Benchekor qualifi\u00e9es en 32es"},"content":{"rendered":"<div>\n<div class=\"K2FeedImage\"><img decoding=\"async\" src=\"http:\/\/www.aps.dz\/media\/k2\/items\/cache\/07d5d1e1abbe1da1319510ebc76d9473_S.jpg\" alt=\"Sabre f\u00e9minin-mondial 2019 \" juniors benaouda et benchekor qualifi en><\/div>\n<div class=\"K2FeedIntroText\">\n<p><strong>ALGER &#8211; Seules deux des dix sabreuses alg\u00e9riennes engag\u00e9es dans l&rsquo;\u00e9tape d&rsquo;Alger de la Coupe du monde \u00ab\u00a0juniors\u00a0\u00bb actuellement en cours \u00e0 la salle Harcha-Hac\u00e8ne d&rsquo;Alger ont r\u00e9ussi \u00e0 atteindre le tableau des 32, en l&rsquo;occurrence Cha\u00efma Benaouda et Na\u00efla Benchekor.<\/strong><\/p>\n<\/div>\n<div class=\"K2FeedFullText\">\n<p>Les deux Alg\u00e9riennes ont pass\u00e9 avec succ\u00e8s le tableau des 64. Benchekor avait difficilement surmont\u00e9 l&rsquo;\u00e9cueil de l&rsquo;Egyptienne Lina Walid (15-14), au moment o\u00f9 sa compatriote Benaouda a eu la t\u00e2che un peu moins dure contre la Belge Floriane Aelvoet (15-10).<\/p>\n<p>Mais la suite a \u00e9t\u00e9 nettement moins bonne pour les deux alg\u00e9riennes, puisqu&rsquo;elles ont \u00e9t\u00e9 \u00e9limin\u00e9es d\u00e8s le tour suivant, respectivement par la Japonaise Jumi Wakita (15-9) et par la Fran\u00e7aise Pauline Conscience (15-5).<\/p>\n<p>Outre Benaouda et Benchekor, l&rsquo;Alg\u00e9rie a engag\u00e9 huit autres sabreuses dans les \u00e9preuves individuelles de cette comp\u00e9tition, \u00e0 savoir : Djouher Afn\u00e8ne, Houda Izem, Nour El Houda Salhi, Zahra Khali, Kaouther Mohamed Belkbir, Marwa Abdelda\u00eem, Amira Kedour et Hayet Bouadjadj, qui elles ont \u00e9t\u00e9 \u00e9limin\u00e9es \u00e0 un stade moins avanc\u00e9.<\/p>\n<hr>\n<h3>Lire aussi:\u00a0<a href=\"http:\/\/www.aps.dz\/sport\/85631-coupe-du-monde-de-sabre-feminin-juniors-l-organisation-est-parfaite\" target=\"_blank\" rel=\"noopener noreferrer\">Coupe du monde de sabre f\u00e9minin (juniors): \u00a0\u00bbl&rsquo;organisation est parfaite\u00a0\u00bb<\/a><\/h3>\n<hr>\n<p>Quant \u00e0 Mohamed Belkbir, elle a \u00e9t\u00e9 battue par l&rsquo;Egyptienne Jana Elbakry (15-12) au tableau des 64.<\/p>\n<p>Pour ce qui est de l&rsquo;\u00e9preuve \u00ab\u00a0par \u00e9quipes\u00a0\u00bb, la F\u00e9d\u00e9ration alg\u00e9rienne d&rsquo;escrime (FAE) n&rsquo;a engag\u00e9 que quatre athl\u00e8tes, \u00e0 savoir : Zahra Khali, Cha\u00efma Benaouda, Kaouther Belkbir et Na\u00efla Benchekor.<\/p>\n<p>L&rsquo;\u00e9tape d&rsquo;Alger, qui s&rsquo;\u00e9tale sur deux jours (16-17 f\u00e9vrier), enregistre la participation de 56 sabreuses, repr\u00e9sentant 10 pays. Il s&rsquo;agit de l&rsquo;Alg\u00e9rie (10 athl\u00e8tes), la France (12), le Japon (9), l&rsquo;Egypte (6), la Belgique (4), l&rsquo;Italie (4), le Chili (4), la Turquie (3), la RD Congo (3) et la Grande-Bretagne (1).<\/p>\n<p>Cette \u00e9tape de Coupe du monde de sabre f\u00e9minin pr\u00e9c\u00e8de les Championnats d&rsquo;Afrique d&rsquo;escrime (sabre, \u00e9p\u00e9e, fleuret) des jeunes cat\u00e9gories (cadets, juniors et s\u00e9niors) pr\u00e9vus du 18 au 23 f\u00e9vrier, toujours \u00e0 la salle Harcha-Hac\u00e8ne d&rsquo;Alger.<\/p>\n<\/div>\n<p><img loading=\"lazy\" decoding=\"async\" src=\"http:\/\/feeds.feedburner.com\/~r\/aps-sport\/~4\/V3gh4rCJg2o\" height=\"1\" width=\"1\" alt=\"\"><\/div>\n<p>Auteur:<br \/>\n<a href=\"http:\/\/www.aps.dz\/sport\/85643-sabre-feminin-mondial-2019-juniors-benaouda-et-benchekor-qualifiees-en-32es?utm_source=feedburner&#038;utm_medium=feed&#038;utm_campaign=Feed%3A+aps-sport+%28APS+-+SPORT%29\">Cliquez ici pour lire l&rsquo;article depuis sa source.<\/a><\/p>\n","protected":false},"excerpt":{"rendered":"<p>ALGER &#8211; Seules deux des dix sabreuses alg\u00e9riennes engag\u00e9es dans l&rsquo;\u00e9tape d&rsquo;Alger de la Coupe du monde \u00ab\u00a0juniors\u00a0\u00bb actuellement en cours \u00e0 la salle Harcha-Hac\u00e8ne d&rsquo;Alger ont r\u00e9ussi \u00e0 atteindre le tableau des 32, en l&rsquo;occurrence Cha\u00efma Benaouda et Na\u00efla Benchekor. Les deux Alg\u00e9riennes ont pass\u00e9 avec succ\u00e8s le tableau des 64. Benchekor avait difficilement [&hellip;]<\/p>\n","protected":false},"author":1790,"featured_media":14732,"comment_status":"closed","ping_status":"closed","sticky":false,"template":"","format":"standard","meta":{"fifu_image_url":"","fifu_image_alt":"","footnotes":""},"categories":[53,75],"tags":[],"class_list":["post-14731","post","type-post","status-publish","format-standard","has-post-thumbnail","hentry","category-algerie","category-sport"],"_links":{"self":[{"href":"https:\/\/linitiative.ca\/International\/wp-json\/wp\/v2\/posts\/14731","targetHints":{"allow":["GET"]}}],"collection":[{"href":"https:\/\/linitiative.ca\/International\/wp-json\/wp\/v2\/posts"}],"about":[{"href":"https:\/\/linitiative.ca\/International\/wp-json\/wp\/v2\/types\/post"}],"author":[{"embeddable":true,"href":"https:\/\/linitiative.ca\/International\/wp-json\/wp\/v2\/users\/1790"}],"replies":[{"embeddable":true,"href":"https:\/\/linitiative.ca\/International\/wp-json\/wp\/v2\/comments?post=14731"}],"version-history":[{"count":0,"href":"https:\/\/linitiative.ca\/International\/wp-json\/wp\/v2\/posts\/14731\/revisions"}],"wp:featuredmedia":[{"embeddable":true,"href":"https:\/\/linitiative.ca\/International\/wp-json\/"}],"wp:attachment":[{"href":"https:\/\/linitiative.ca\/International\/wp-json\/wp\/v2\/media?parent=14731"}],"wp:term":[{"taxonomy":"category","embeddable":true,"href":"https:\/\/linitiative.ca\/International\/wp-json\/wp\/v2\/categories?post=14731"},{"taxonomy":"post_tag","embeddable":true,"href":"https:\/\/linitiative.ca\/International\/wp-json\/wp\/v2\/tags?post=14731"}],"curies":[{"name":"wp","href":"https:\/\/api.w.org\/{rel}","templated":true}]}}