{"id":147310,"date":"2022-05-09T17:00:51","date_gmt":"2022-05-09T21:00:51","guid":{"rendered":"https:\/\/linitiative.ca\/International\/apres-5ans-de-treve-reapparition-du-cholera-au-soudan\/"},"modified":"2022-05-09T17:00:51","modified_gmt":"2022-05-09T21:00:51","slug":"apres-5ans-de-treve-reapparition-du-cholera-au-soudan","status":"publish","type":"post","link":"https:\/\/linitiative.ca\/International\/apres-5ans-de-treve-reapparition-du-cholera-au-soudan\/","title":{"rendered":"Apr\u00e8s 5ans de tr\u00eave\u00a0: R\u00e9apparition du chol\u00e9ra au Soudan"},"content":{"rendered":"<div>\n<p>Apr\u00e8s une tr\u00eave de cinq ans, apr\u00e8s le dernier cas de chol\u00e9ra enregistr\u00e9, la maladie est r\u00e9apparue au Soudan, notamment dans un camp de r\u00e9fugi\u00e9s au nord du pays. Les autorit\u00e9s ont pr\u00e9venu les citoyens de la reprise de circulation du vibrion, avec l\u2019enregistrement de 31 cas, dont un d\u00e9c\u00e8s. Le premier cas ayant \u00e9t\u00e9 [\u2026]<\/p>\n<p>L\u2019article <a href=\"https:\/\/www.tunisienumerique.com\/apres-5ans-de-treve-reapparition-du-cholera-au-soudan\/\">Apr\u00e8s 5ans de tr\u00eave\u00a0: R\u00e9apparition du chol\u00e9ra au Soudan<\/a> est apparu en premier sur <a href=\"http:\/\/www.tunisienumerique.com\/\">Tunisie<\/a>.<\/p>\n<\/div>\n<p>Auteur: LM<br \/>\n<a href=\"https:\/\/www.tunisienumerique.com\/apres-5ans-de-treve-reapparition-du-cholera-au-soudan\/\">Cliquez ici pour lire l&rsquo;article depuis sa source.<\/a><\/p>\n","protected":false},"excerpt":{"rendered":"<p>Apr\u00e8s une tr\u00eave de cinq ans, apr\u00e8s le dernier cas de chol\u00e9ra enregistr\u00e9, la maladie est r\u00e9apparue au Soudan, notamment dans un camp de r\u00e9fugi\u00e9s au nord du pays. Les autorit\u00e9s ont pr\u00e9venu les citoyens de la reprise de circulation du vibrion, avec l\u2019enregistrement de 31 cas, dont un d\u00e9c\u00e8s. Le premier cas ayant \u00e9t\u00e9 [&hellip;]<\/p>\n","protected":false},"author":1789,"featured_media":0,"comment_status":"closed","ping_status":"closed","sticky":false,"template":"","format":"standard","meta":{"fifu_image_url":"","fifu_image_alt":"","footnotes":""},"categories":[73,55],"tags":[],"class_list":["post-147310","post","type-post","status-publish","format-standard","hentry","category-actualite","category-tunisie"],"_links":{"self":[{"href":"https:\/\/linitiative.ca\/International\/wp-json\/wp\/v2\/posts\/147310","targetHints":{"allow":["GET"]}}],"collection":[{"href":"https:\/\/linitiative.ca\/International\/wp-json\/wp\/v2\/posts"}],"about":[{"href":"https:\/\/linitiative.ca\/International\/wp-json\/wp\/v2\/types\/post"}],"author":[{"embeddable":true,"href":"https:\/\/linitiative.ca\/International\/wp-json\/wp\/v2\/users\/1789"}],"replies":[{"embeddable":true,"href":"https:\/\/linitiative.ca\/International\/wp-json\/wp\/v2\/comments?post=147310"}],"version-history":[{"count":0,"href":"https:\/\/linitiative.ca\/International\/wp-json\/wp\/v2\/posts\/147310\/revisions"}],"wp:attachment":[{"href":"https:\/\/linitiative.ca\/International\/wp-json\/wp\/v2\/media?parent=147310"}],"wp:term":[{"taxonomy":"category","embeddable":true,"href":"https:\/\/linitiative.ca\/International\/wp-json\/wp\/v2\/categories?post=147310"},{"taxonomy":"post_tag","embeddable":true,"href":"https:\/\/linitiative.ca\/International\/wp-json\/wp\/v2\/tags?post=147310"}],"curies":[{"name":"wp","href":"https:\/\/api.w.org\/{rel}","templated":true}]}}