{"id":147312,"date":"2022-05-09T12:12:04","date_gmt":"2022-05-09T16:12:04","guid":{"rendered":"https:\/\/linitiative.ca\/International\/me-benewende-sankara-a-propos-du-dossier-thomas-sankara-on-ne-peut-pas-nous-payer\/"},"modified":"2022-05-09T12:12:04","modified_gmt":"2022-05-09T16:12:04","slug":"me-benewende-sankara-a-propos-du-dossier-thomas-sankara-on-ne-peut-pas-nous-payer","status":"publish","type":"post","link":"https:\/\/linitiative.ca\/International\/me-benewende-sankara-a-propos-du-dossier-thomas-sankara-on-ne-peut-pas-nous-payer\/","title":{"rendered":"Me BENEWENDE SANKARA, A PROPOS DU DOSSIER THOMAS SANKARA \/ \u00ab\u00a0On ne peut\u00a0 pas nous payer \u00bb"},"content":{"rendered":"<div>\n<p><img decoding=\"async\" width=\"1002\" height=\"730\" src=\"https:\/\/linitiative.ca\/International\/wp-content\/uploads\/sites\/23\/2022\/05\/01-2-1.jpg\" class=\"attachment- size- wp-post-image\" alt=\"\" loading=\"lazy\" style=\"float:left; margin:0 15px 15px 0;\" srcset=\"https:\/\/linitiative.ca\/International\/wp-content\/uploads\/sites\/23\/2022\/05\/01-2-1.jpg 1002w, https:\/\/lepays.bf\/wp-content\/uploads\/2022\/05\/01-2-1-300x219.jpg 300w, https:\/\/lepays.bf\/wp-content\/uploads\/2022\/05\/01-2-1-150x109.jpg 150w, https:\/\/lepays.bf\/wp-content\/uploads\/2022\/05\/01-2-1-768x560.jpg 768w\" sizes=\"auto, (max-width: 1002px) 100vw, 1002px\">Le deuxi\u00e8me num\u00e9ro du club de presse du Centre de presse Norbert Zongo avait comme invit\u00e9 Me B\u00e9n\u00e9wend\u00e9 Stanislas Sankara, le 6 mai 2022. Pendant deux heures d\u2019horloge, Me B\u00e9n\u00e9wend\u00e9 Stanislas Sankara est revenu sur son parcours en tant qu\u2019avocat de la famille du pr\u00e9sident [\u2026]<\/p>\n<p>L\u2019article <a rel=\"nofollow\" href=\"https:\/\/lepays.bf\/me-benewende-sankara-a-propos-du-dossier-thomas-sankara-on-ne-peut-pas-nous-payer\/\">Me BENEWENDE SANKARA, A PROPOS DU DOSSIER THOMAS SANKARA \/ \u00ab\u00a0On ne peut\u00a0 pas nous payer \u00bb<\/a> est apparu en premier sur <a rel=\"nofollow\" href=\"https:\/\/lepays.bf\/\">Editions Le Pays<\/a>.<\/p>\n<\/div>\n<p>Auteur: Editions LEPAYS<br \/>\n<a href=\"https:\/\/lepays.bf\/me-benewende-sankara-a-propos-du-dossier-thomas-sankara-on-ne-peut-pas-nous-payer\/\">Cliquez ici pour lire l&rsquo;article depuis sa source.<\/a><\/p>\n","protected":false},"excerpt":{"rendered":"<p>Le deuxi\u00e8me num\u00e9ro du club de presse du Centre de presse Norbert Zongo avait comme invit\u00e9 Me B\u00e9n\u00e9wend\u00e9 Stanislas Sankara, le 6 mai 2022. Pendant deux heures d\u2019horloge, Me B\u00e9n\u00e9wend\u00e9 Stanislas Sankara est revenu sur son parcours en tant qu\u2019avocat de la famille du pr\u00e9sident [\u2026] L\u2019article Me BENEWENDE SANKARA, A PROPOS DU DOSSIER THOMAS [&hellip;]<\/p>\n","protected":false},"author":1813,"featured_media":0,"comment_status":"closed","ping_status":"closed","sticky":false,"template":"","format":"standard","meta":{"fifu_image_url":"https:\/\/lepays.bf\/wp-content\/uploads\/2022\/05\/01-2-1.jpg","fifu_image_alt":"Me BENEWENDE SANKARA, A PROPOS DU DOSSIER THOMAS SANKARA \/ \u00ab\u00a0On ne peut\u00a0 pas nous payer \u00bb","footnotes":""},"categories":[73,81],"tags":[],"class_list":["post-147312","post","type-post","status-publish","format-standard","hentry","category-actualite","category-burkina-faso"],"_links":{"self":[{"href":"https:\/\/linitiative.ca\/International\/wp-json\/wp\/v2\/posts\/147312","targetHints":{"allow":["GET"]}}],"collection":[{"href":"https:\/\/linitiative.ca\/International\/wp-json\/wp\/v2\/posts"}],"about":[{"href":"https:\/\/linitiative.ca\/International\/wp-json\/wp\/v2\/types\/post"}],"author":[{"embeddable":true,"href":"https:\/\/linitiative.ca\/International\/wp-json\/wp\/v2\/users\/1813"}],"replies":[{"embeddable":true,"href":"https:\/\/linitiative.ca\/International\/wp-json\/wp\/v2\/comments?post=147312"}],"version-history":[{"count":0,"href":"https:\/\/linitiative.ca\/International\/wp-json\/wp\/v2\/posts\/147312\/revisions"}],"wp:attachment":[{"href":"https:\/\/linitiative.ca\/International\/wp-json\/wp\/v2\/media?parent=147312"}],"wp:term":[{"taxonomy":"category","embeddable":true,"href":"https:\/\/linitiative.ca\/International\/wp-json\/wp\/v2\/categories?post=147312"},{"taxonomy":"post_tag","embeddable":true,"href":"https:\/\/linitiative.ca\/International\/wp-json\/wp\/v2\/tags?post=147312"}],"curies":[{"name":"wp","href":"https:\/\/api.w.org\/{rel}","templated":true}]}}