{"id":147314,"date":"2022-05-09T12:16:08","date_gmt":"2022-05-09T16:16:08","guid":{"rendered":"https:\/\/linitiative.ca\/International\/detention-du-lieutenant-colonel-zoungrana-des-jeunes-manifestent-leur-mecontentement\/"},"modified":"2022-05-09T12:16:08","modified_gmt":"2022-05-09T16:16:08","slug":"detention-du-lieutenant-colonel-zoungrana-des-jeunes-manifestent-leur-mecontentement","status":"publish","type":"post","link":"https:\/\/linitiative.ca\/International\/detention-du-lieutenant-colonel-zoungrana-des-jeunes-manifestent-leur-mecontentement\/","title":{"rendered":"DETENTION DU LIEUTENANT COLONEL ZOUNGRANA \/ Des jeunes manifestent leur m\u00e9contentement"},"content":{"rendered":"<div>\n<p><img decoding=\"async\" width=\"2560\" height=\"1467\" src=\"https:\/\/linitiative.ca\/International\/wp-content\/uploads\/sites\/23\/2022\/05\/01-6-scaled-1.jpg\" class=\"attachment- size- wp-post-image\" alt=\"\" loading=\"lazy\" style=\"float:left; margin:0 15px 15px 0;\" srcset=\"https:\/\/linitiative.ca\/International\/wp-content\/uploads\/sites\/23\/2022\/05\/01-6-scaled-1.jpg 2560w, https:\/\/lepays.bf\/wp-content\/uploads\/2022\/05\/01-6-300x172.jpg 300w, https:\/\/lepays.bf\/wp-content\/uploads\/2022\/05\/01-6-1024x587.jpg 1024w, https:\/\/lepays.bf\/wp-content\/uploads\/2022\/05\/01-6-150x86.jpg 150w, https:\/\/lepays.bf\/wp-content\/uploads\/2022\/05\/01-6-768x440.jpg 768w, https:\/\/lepays.bf\/wp-content\/uploads\/2022\/05\/01-6-1536x880.jpg 1536w, https:\/\/lepays.bf\/wp-content\/uploads\/2022\/05\/01-6-1300x745.jpg 1300w\" sizes=\"auto, (max-width: 2560px) 100vw, 2560px\">Quelques dizaines de jeunes ont manifest\u00e9, \u00a0le 7 mai 2022, \u00a0devant le Tribunal militaire \u00e0 Ouagadougou, pour r\u00e9clamer la lib\u00e9ration du Lieutenant-colonel Emmanuel Zoungrana. \u00a0Accus\u00e9 d\u00e9but janvier de tentative de coup d\u2019Etat contre le pouvoir de Roch Marc Christian Kabor\u00e9, Emmanuel Zoungrana\u00a0 est incarc\u00e9r\u00e9 depuis [\u2026]<\/p>\n<p>L\u2019article <a rel=\"nofollow\" href=\"https:\/\/lepays.bf\/detention-du-lieutenant-colonel-zoungrana-des-jeunes-manifestent-leur-mecontentement\/\">DETENTION DU LIEUTENANT COLONEL ZOUNGRANA \/ Des jeunes manifestent leur m\u00e9contentement<\/a> est apparu en premier sur <a rel=\"nofollow\" href=\"https:\/\/lepays.bf\/\">Editions Le Pays<\/a>.<\/p>\n<\/div>\n<p>Auteur: Editions LEPAYS<br \/>\n<a href=\"https:\/\/lepays.bf\/detention-du-lieutenant-colonel-zoungrana-des-jeunes-manifestent-leur-mecontentement\/\">Cliquez ici pour lire l&rsquo;article depuis sa source.<\/a><\/p>\n","protected":false},"excerpt":{"rendered":"<p>Quelques dizaines de jeunes ont manifest\u00e9, \u00a0le 7 mai 2022, \u00a0devant le Tribunal militaire \u00e0 Ouagadougou, pour r\u00e9clamer la lib\u00e9ration du Lieutenant-colonel Emmanuel Zoungrana. \u00a0Accus\u00e9 d\u00e9but janvier de tentative de coup d\u2019Etat contre le pouvoir de Roch Marc Christian Kabor\u00e9, Emmanuel Zoungrana\u00a0 est incarc\u00e9r\u00e9 depuis [\u2026] L\u2019article DETENTION DU LIEUTENANT COLONEL ZOUNGRANA \/ Des jeunes [&hellip;]<\/p>\n","protected":false},"author":1813,"featured_media":0,"comment_status":"closed","ping_status":"closed","sticky":false,"template":"","format":"standard","meta":{"fifu_image_url":"https:\/\/lepays.bf\/wp-content\/uploads\/2022\/05\/01-6-scaled.jpg","fifu_image_alt":"DETENTION DU LIEUTENANT COLONEL ZOUNGRANA \/ Des jeunes manifestent leur m\u00e9contentement","footnotes":""},"categories":[73,81],"tags":[],"class_list":["post-147314","post","type-post","status-publish","format-standard","hentry","category-actualite","category-burkina-faso"],"_links":{"self":[{"href":"https:\/\/linitiative.ca\/International\/wp-json\/wp\/v2\/posts\/147314","targetHints":{"allow":["GET"]}}],"collection":[{"href":"https:\/\/linitiative.ca\/International\/wp-json\/wp\/v2\/posts"}],"about":[{"href":"https:\/\/linitiative.ca\/International\/wp-json\/wp\/v2\/types\/post"}],"author":[{"embeddable":true,"href":"https:\/\/linitiative.ca\/International\/wp-json\/wp\/v2\/users\/1813"}],"replies":[{"embeddable":true,"href":"https:\/\/linitiative.ca\/International\/wp-json\/wp\/v2\/comments?post=147314"}],"version-history":[{"count":0,"href":"https:\/\/linitiative.ca\/International\/wp-json\/wp\/v2\/posts\/147314\/revisions"}],"wp:attachment":[{"href":"https:\/\/linitiative.ca\/International\/wp-json\/wp\/v2\/media?parent=147314"}],"wp:term":[{"taxonomy":"category","embeddable":true,"href":"https:\/\/linitiative.ca\/International\/wp-json\/wp\/v2\/categories?post=147314"},{"taxonomy":"post_tag","embeddable":true,"href":"https:\/\/linitiative.ca\/International\/wp-json\/wp\/v2\/tags?post=147314"}],"curies":[{"name":"wp","href":"https:\/\/api.w.org\/{rel}","templated":true}]}}