{"id":147316,"date":"2022-05-09T15:23:59","date_gmt":"2022-05-09T19:23:59","guid":{"rendered":"https:\/\/linitiative.ca\/International\/salaires-des-membres-du-gouvernement-on-ne-devient-pas-ministre-pour-se-servir-mais-pour-servir\/"},"modified":"2022-05-09T15:23:59","modified_gmt":"2022-05-09T19:23:59","slug":"salaires-des-membres-du-gouvernement-on-ne-devient-pas-ministre-pour-se-servir-mais-pour-servir","status":"publish","type":"post","link":"https:\/\/linitiative.ca\/International\/salaires-des-membres-du-gouvernement-on-ne-devient-pas-ministre-pour-se-servir-mais-pour-servir\/","title":{"rendered":"SALAIRES DES MEMBRES DU GOUVERNEMENT : On ne devient pas ministre pour se servir mais pour servir"},"content":{"rendered":"<div>\n<p><img decoding=\"async\" width=\"1137\" height=\"636\" src=\"https:\/\/linitiative.ca\/International\/wp-content\/uploads\/sites\/23\/2022\/05\/lepaysresponsive-1-1.png\" class=\"attachment- default-featured-img\" alt=\"\" loading=\"lazy\" srcset=\"https:\/\/linitiative.ca\/International\/wp-content\/uploads\/sites\/23\/2022\/05\/lepaysresponsive-1-1.png 1137w, https:\/\/lepays.bf\/wp-content\/uploads\/2022\/05\/lepaysresponsive-1-300x168.png 300w, https:\/\/lepays.bf\/wp-content\/uploads\/2022\/05\/lepaysresponsive-1-1024x573.png 1024w, https:\/\/lepays.bf\/wp-content\/uploads\/2022\/05\/lepaysresponsive-1-150x84.png 150w, https:\/\/lepays.bf\/wp-content\/uploads\/2022\/05\/lepaysresponsive-1-768x430.png 768w\" sizes=\"auto, (max-width: 1137px) 100vw, 1137px\">Le Conseil des ministres du vendredi 6 mai dernier a abord\u00e9, entre autres, la question de la r\u00e9mun\u00e9ration des membres de l\u2019Ex\u00e9cutif. A ce sujet, le porte-parole du gouvernement, le ministre Lionel Bilgo, a laiss\u00e9 entendre ceci\u00a0: \u00ab\u00a0La r\u00e9mun\u00e9ration des membres du gouvernement n\u2019est pas [\u2026]<\/p>\n<p>L\u2019article <a rel=\"nofollow\" href=\"https:\/\/lepays.bf\/salaires-des-membres-du-gouvernement-on-ne-devient-pas-ministre-pour-se-servir-mais-pour-servir\/\">SALAIRES DES MEMBRES DU GOUVERNEMENT : On ne devient pas ministre pour se servir mais pour servir<\/a> est apparu en premier sur <a rel=\"nofollow\" href=\"https:\/\/lepays.bf\/\">Editions Le Pays<\/a>.<\/p>\n<\/div>\n<p>Auteur: Editions LEPAYS<br \/>\n<a href=\"https:\/\/lepays.bf\/salaires-des-membres-du-gouvernement-on-ne-devient-pas-ministre-pour-se-servir-mais-pour-servir\/\">Cliquez ici pour lire l&rsquo;article depuis sa source.<\/a><\/p>\n","protected":false},"excerpt":{"rendered":"<p>Le Conseil des ministres du vendredi 6 mai dernier a abord\u00e9, entre autres, la question de la r\u00e9mun\u00e9ration des membres de l\u2019Ex\u00e9cutif. A ce sujet, le porte-parole du gouvernement, le ministre Lionel Bilgo, a laiss\u00e9 entendre ceci\u00a0: \u00ab\u00a0La r\u00e9mun\u00e9ration des membres du gouvernement n\u2019est pas [\u2026] L\u2019article SALAIRES DES MEMBRES DU GOUVERNEMENT : On ne [&hellip;]<\/p>\n","protected":false},"author":1813,"featured_media":0,"comment_status":"closed","ping_status":"closed","sticky":false,"template":"","format":"standard","meta":{"fifu_image_url":"https:\/\/lepays.bf\/wp-content\/uploads\/2022\/05\/lepaysresponsive-1.png","fifu_image_alt":"SALAIRES DES MEMBRES DU GOUVERNEMENT : On ne devient pas ministre pour se servir mais pour servir","footnotes":""},"categories":[73,81],"tags":[],"class_list":["post-147316","post","type-post","status-publish","format-standard","hentry","category-actualite","category-burkina-faso"],"_links":{"self":[{"href":"https:\/\/linitiative.ca\/International\/wp-json\/wp\/v2\/posts\/147316","targetHints":{"allow":["GET"]}}],"collection":[{"href":"https:\/\/linitiative.ca\/International\/wp-json\/wp\/v2\/posts"}],"about":[{"href":"https:\/\/linitiative.ca\/International\/wp-json\/wp\/v2\/types\/post"}],"author":[{"embeddable":true,"href":"https:\/\/linitiative.ca\/International\/wp-json\/wp\/v2\/users\/1813"}],"replies":[{"embeddable":true,"href":"https:\/\/linitiative.ca\/International\/wp-json\/wp\/v2\/comments?post=147316"}],"version-history":[{"count":0,"href":"https:\/\/linitiative.ca\/International\/wp-json\/wp\/v2\/posts\/147316\/revisions"}],"wp:attachment":[{"href":"https:\/\/linitiative.ca\/International\/wp-json\/wp\/v2\/media?parent=147316"}],"wp:term":[{"taxonomy":"category","embeddable":true,"href":"https:\/\/linitiative.ca\/International\/wp-json\/wp\/v2\/categories?post=147316"},{"taxonomy":"post_tag","embeddable":true,"href":"https:\/\/linitiative.ca\/International\/wp-json\/wp\/v2\/tags?post=147316"}],"curies":[{"name":"wp","href":"https:\/\/api.w.org\/{rel}","templated":true}]}}