{"id":147322,"date":"2022-05-09T05:57:11","date_gmt":"2022-05-09T09:57:11","guid":{"rendered":"https:\/\/linitiative.ca\/International\/deces-damadou-soumahoro-le-president-ivoirien-deplore-la-perte-dun-fidele-compagnon-un-ami-loyal-et-devoue\/"},"modified":"2022-05-09T05:57:11","modified_gmt":"2022-05-09T09:57:11","slug":"deces-damadou-soumahoro-le-president-ivoirien-deplore-la-perte-dun-fidele-compagnon-un-ami-loyal-et-devoue","status":"publish","type":"post","link":"https:\/\/linitiative.ca\/International\/deces-damadou-soumahoro-le-president-ivoirien-deplore-la-perte-dun-fidele-compagnon-un-ami-loyal-et-devoue\/","title":{"rendered":"D\u00e9c\u00e8s \u00a0d\u2019Amadou Soumahoro\u00a0: le pr\u00e9sident ivoirien \u00a0d\u00e9plore la perte \u00a0\u00ab d\u2019un fid\u00e8le compagnon, un ami loyal et d\u00e9vou\u00e9\u00a0\u00bb"},"content":{"rendered":"<div>\n<p>La C\u00f4te d\u2019Ivoire vient encore de perdre l\u2019un de ses hauts cadres apr\u00e8s le d\u00e9c\u00e8s des Premiers ministres Amadou Gon Coulibaly et Hamed Bakayoko. Le samedi 7 mai 2022, le pr\u00e9sident de l\u2019Assembl\u00e9e nationale ivoirienne Amadou Soumahoro est d\u00e9c\u00e9d\u00e9 \u00e0 l\u2019\u00e2ge de 68 ans. Selon Africanews, il \u00e9tait l\u2019un des quatre membres fondateurs du parti du Rassemblement des R\u00e9publicains RDR en 1994, parti historique du chef de l\u2019\u00e9tat ivoirien Alassane Ouattara. Dans un communiqu\u00e9, le pr\u00e9sident ivoirien a d\u00e9plor\u00e9 la perte de <em>\u00ab un fid\u00e8le compagnon, un ami loyal et d\u00e9vou\u00e9 \u00bb.<\/em>Elu pr\u00e9sident de l\u2019Assembl\u00e9e nationale ivoirienne depuis mars 2019, Amadou Soumahoro \u00e9tait malade et faisait de longs s\u00e9jours \u00e0 l\u2019\u00e9tranger pour des soins. Dipl\u00f4m\u00e9 de l\u2019Institut des Relations Economiques Internationales de Paris (1979), avec une sp\u00e9cialit\u00e9 en commerce international, Amadou Soumahoro avait \u00e9t\u00e9 plusieurs fois ministre, du Commerce ext\u00e9rieur en 2002 puis du Commerce entre 2003 et 2005 dans un gouvernement d\u2019union sous la pr\u00e9sidence de Laurent Gbagbo.<\/p>\n<p><strong>AK<\/strong><\/p>\n<\/div>\n<p>Auteur: BS. Sidwaya<br \/>\n<a href=\"https:\/\/www.sidwaya.info\/blog\/2022\/05\/09\/deces-damadou-soumahoro-le-president-ivoirien-deplore-la-perte-dun-fidele-compagnon-un-ami-loyal-et-devoue\/\">Cliquez ici pour lire l&rsquo;article depuis sa source.<\/a><\/p>\n","protected":false},"excerpt":{"rendered":"<p>La C\u00f4te d\u2019Ivoire vient encore de perdre l\u2019un de ses hauts cadres apr\u00e8s le d\u00e9c\u00e8s des Premiers ministres Amadou Gon Coulibaly et Hamed Bakayoko. Le samedi 7 mai 2022, le pr\u00e9sident de l\u2019Assembl\u00e9e nationale ivoirienne Amadou Soumahoro est d\u00e9c\u00e9d\u00e9 \u00e0 l\u2019\u00e2ge de 68 ans. Selon Africanews, il \u00e9tait l\u2019un des quatre membres fondateurs du parti [&hellip;]<\/p>\n","protected":false},"author":1816,"featured_media":0,"comment_status":"closed","ping_status":"closed","sticky":false,"template":"","format":"standard","meta":{"fifu_image_url":"","fifu_image_alt":"","footnotes":""},"categories":[73,81],"tags":[],"class_list":["post-147322","post","type-post","status-publish","format-standard","hentry","category-actualite","category-burkina-faso"],"_links":{"self":[{"href":"https:\/\/linitiative.ca\/International\/wp-json\/wp\/v2\/posts\/147322","targetHints":{"allow":["GET"]}}],"collection":[{"href":"https:\/\/linitiative.ca\/International\/wp-json\/wp\/v2\/posts"}],"about":[{"href":"https:\/\/linitiative.ca\/International\/wp-json\/wp\/v2\/types\/post"}],"author":[{"embeddable":true,"href":"https:\/\/linitiative.ca\/International\/wp-json\/wp\/v2\/users\/1816"}],"replies":[{"embeddable":true,"href":"https:\/\/linitiative.ca\/International\/wp-json\/wp\/v2\/comments?post=147322"}],"version-history":[{"count":0,"href":"https:\/\/linitiative.ca\/International\/wp-json\/wp\/v2\/posts\/147322\/revisions"}],"wp:attachment":[{"href":"https:\/\/linitiative.ca\/International\/wp-json\/wp\/v2\/media?parent=147322"}],"wp:term":[{"taxonomy":"category","embeddable":true,"href":"https:\/\/linitiative.ca\/International\/wp-json\/wp\/v2\/categories?post=147322"},{"taxonomy":"post_tag","embeddable":true,"href":"https:\/\/linitiative.ca\/International\/wp-json\/wp\/v2\/tags?post=147322"}],"curies":[{"name":"wp","href":"https:\/\/api.w.org\/{rel}","templated":true}]}}