{"id":147323,"date":"2022-05-09T07:12:46","date_gmt":"2022-05-09T11:12:46","guid":{"rendered":"https:\/\/linitiative.ca\/International\/crise-securitaire-si-rien-nest-fait-pensa-va-tomber-et-tout-le-monde-se-retrouvera-a-kaya-ou-a-ouagadougou-previennent-des-ressortissants-du-centre-nord\/"},"modified":"2022-05-09T07:12:46","modified_gmt":"2022-05-09T11:12:46","slug":"crise-securitaire-si-rien-nest-fait-pensa-va-tomber-et-tout-le-monde-se-retrouvera-a-kaya-ou-a-ouagadougou-previennent-des-ressortissants-du-centre-nord","status":"publish","type":"post","link":"https:\/\/linitiative.ca\/International\/crise-securitaire-si-rien-nest-fait-pensa-va-tomber-et-tout-le-monde-se-retrouvera-a-kaya-ou-a-ouagadougou-previennent-des-ressortissants-du-centre-nord\/","title":{"rendered":"Crise s\u00e9curitaire\u00a0: \u00ab\u00a0Si rien n\u2019est fait, Pensa va tomber et tout le monde se retrouvera \u00e0 Kaya ou \u00e0 Ouagadougou\u00a0\u00bb, pr\u00e9viennent des ressortissants du Centre-nord"},"content":{"rendered":"<div>\n<p>Des ressortissants du Centre-nord tirent sur la sonnette d\u2019alarme pour alerter sur la menace s\u00e9curitaire sur plusieurs communes de la r\u00e9gion en proie aux incursions terroristes.<\/p>\n<p>La commune de Foub\u00e9 est aujourd\u2019hui sous le contr\u00f4le des groupes arm\u00e9s, ce qui oblige les populations \u00e0 migrer vers Pensa, autre commune qui subit de plus en plus la pression des groupes arm\u00e9s terroristes, informent-ils sur \u00ab la situation tr\u00e8s critique \u00bb dans le centre-nord.<\/p>\n<p>\u00ab Pensa a accueilli ces derni\u00e8res semaines plus de 20 000 \u00e2mes en d\u00e9tresse. Ces d\u00e9plac\u00e9s pour la plupart s\u2019abritent sous des arbres, ils n\u2019ont rien \u00e0 manger. Nous interpellons le gouvernement sur leur situation parce que la saison pluvieuse avance \u00e0 grands pas. Elles ont besoin de vivres et de tentes, mais aussi de soin \u00bb, alerte Moumini Sawadogo, porte-parole de la coalition des ressortissants de Foub\u00e9, Pensa, Bourouma et Barsalogho.<\/p>\n<p>\u00ab Si rien n\u2019est fait, Pensa qui \u00e9tait la destination de ces d\u00e9plac\u00e9s va tomber, et tout le monde se retrouvera \u00e0 Kaya ou \u00e0 Ouagadougou. Si des actions diligentes ne sont pas mises en \u0153uvre dans le domaine de la s\u00e9curit\u00e9, Pensa, Bourouma, Barsalogho vont tous tomber sous le joug des groupes arm\u00e9s \u00bb, pr\u00e9vient-il.<\/p>\n<p style=\"text-align: right\"><strong>Sidwaya.info<\/strong><\/p>\n<\/div>\n<p>Auteur: Wamini SIDWAYA<br \/>\n<a href=\"https:\/\/www.sidwaya.info\/blog\/2022\/05\/09\/crise-securitaire-si-rien-nest-fait-pensa-va-tomber-et-tout-le-monde-se-retrouvera-a-kaya-ou-a-ouagadougou-previennent-des-ressortissants-du-centre-nord\/\">Cliquez ici pour lire l&rsquo;article depuis sa source.<\/a><\/p>\n","protected":false},"excerpt":{"rendered":"<p>Des ressortissants du Centre-nord tirent sur la sonnette d\u2019alarme pour alerter sur la menace s\u00e9curitaire sur plusieurs communes de la r\u00e9gion en proie aux incursions terroristes. La commune de Foub\u00e9 est aujourd\u2019hui sous le contr\u00f4le des groupes arm\u00e9s, ce qui oblige les populations \u00e0 migrer vers Pensa, autre commune qui subit de plus en plus [&hellip;]<\/p>\n","protected":false},"author":1816,"featured_media":0,"comment_status":"closed","ping_status":"closed","sticky":false,"template":"","format":"standard","meta":{"fifu_image_url":"","fifu_image_alt":"","footnotes":""},"categories":[73,81],"tags":[],"class_list":["post-147323","post","type-post","status-publish","format-standard","hentry","category-actualite","category-burkina-faso"],"_links":{"self":[{"href":"https:\/\/linitiative.ca\/International\/wp-json\/wp\/v2\/posts\/147323","targetHints":{"allow":["GET"]}}],"collection":[{"href":"https:\/\/linitiative.ca\/International\/wp-json\/wp\/v2\/posts"}],"about":[{"href":"https:\/\/linitiative.ca\/International\/wp-json\/wp\/v2\/types\/post"}],"author":[{"embeddable":true,"href":"https:\/\/linitiative.ca\/International\/wp-json\/wp\/v2\/users\/1816"}],"replies":[{"embeddable":true,"href":"https:\/\/linitiative.ca\/International\/wp-json\/wp\/v2\/comments?post=147323"}],"version-history":[{"count":0,"href":"https:\/\/linitiative.ca\/International\/wp-json\/wp\/v2\/posts\/147323\/revisions"}],"wp:attachment":[{"href":"https:\/\/linitiative.ca\/International\/wp-json\/wp\/v2\/media?parent=147323"}],"wp:term":[{"taxonomy":"category","embeddable":true,"href":"https:\/\/linitiative.ca\/International\/wp-json\/wp\/v2\/categories?post=147323"},{"taxonomy":"post_tag","embeddable":true,"href":"https:\/\/linitiative.ca\/International\/wp-json\/wp\/v2\/tags?post=147323"}],"curies":[{"name":"wp","href":"https:\/\/api.w.org\/{rel}","templated":true}]}}