{"id":147324,"date":"2022-05-09T09:56:09","date_gmt":"2022-05-09T13:56:09","guid":{"rendered":"https:\/\/linitiative.ca\/International\/cop15-abidjan-a-la-tete-de-la-lutte-contre-la-desertification\/"},"modified":"2022-05-09T09:56:09","modified_gmt":"2022-05-09T13:56:09","slug":"cop15-abidjan-a-la-tete-de-la-lutte-contre-la-desertification","status":"publish","type":"post","link":"https:\/\/linitiative.ca\/International\/cop15-abidjan-a-la-tete-de-la-lutte-contre-la-desertification\/","title":{"rendered":"COP15: Abidjan \u00e0 la t\u00eate de la lutte contre la d\u00e9sertification"},"content":{"rendered":"<div>\n<p>\u00a0<\/p>\n<p>Abidjan, la capitale ivoirienne, accueille ce lundi 9 mai 2022-une premi\u00e8re en Afrique- la COP15, avec pour objectif de trouver des moyens de lutter contre l\u2019avanc\u00e9e du d\u00e9sert, la d\u00e9forestation, l\u2019appauvrissement des terres arables ou les pollutions des sols. Environ 40% des terres sont, selon la Convention des Nations unies sur la lutte contre la d\u00e9sertification (CNULCD), actuellement endommag\u00e9es. Jusqu\u2019au 20 mai prochain, Cette 15<sup>e<\/sup>\u00a0 COP se tiendra autour du th\u00e8me \u00ab Terre. Vie. H\u00e9ritage : de la raret\u00e9 \u00e0 la prosp\u00e9rit\u00e9 \u00bb et \u00a0en pr\u00e9sence des d\u00e9l\u00e9gations venues de 197 pays selon un communiqu\u00e9 de la Primature ivoirienne relay\u00e9 par Framat. Plusieurs chefs d\u2019Etat sont annonc\u00e9s \u00e0 cette rencontre, \u00e0 savoir les pr\u00e9sidents Mohamed Bazoum(Niger), F\u00e9lix Tshisekedi(RDC), Faure Gnassingb\u00e9(Togo),etc. en vid\u00e9oconf\u00e9rence, le pr\u00e9sident fran\u00e7ais Emmanuel Macron et \u00a0la pr\u00e9sidente de la Commission europ\u00e9enne, Ursula von der Leyen, participeront aux \u00e9changes.A ses homologues et aux participants, le pr\u00e9sident ivoirien, Alassane Ouattara, va pr\u00e9senter <em>\u00ab l\u2019initiative d\u2019Abidjan \u00bb<\/em>, la proposition de la C\u00f4te d\u2019Ivoire contre les changements climatiques en essayant \u00a0de mobiliser entre 600 millions et 1 milliard de dollars aupr\u00e8s des bailleurs de fonds pour restaurer les terres d\u00e9grad\u00e9es. Quant \u00e0 son Premier ministre, Patrick Achi, il dirigera la cr\u00e9ation de <em>\u00ab la for\u00eat de la COP 15 \u00bb<\/em> \u00a0qui comprendra 250 arbres.<\/p>\n<p>\u2013<\/p>\n<p><strong>AK<\/strong><\/p>\n<\/div>\n<p>Auteur: BS. Sidwaya<br \/>\n<a href=\"https:\/\/www.sidwaya.info\/blog\/2022\/05\/09\/cop15-abidjan-a-la-tete-de-la-lutte-contre-la-desertification\/\">Cliquez ici pour lire l&rsquo;article depuis sa source.<\/a><\/p>\n","protected":false},"excerpt":{"rendered":"<p>\u00a0 Abidjan, la capitale ivoirienne, accueille ce lundi 9 mai 2022-une premi\u00e8re en Afrique- la COP15, avec pour objectif de trouver des moyens de lutter contre l\u2019avanc\u00e9e du d\u00e9sert, la d\u00e9forestation, l\u2019appauvrissement des terres arables ou les pollutions des sols. Environ 40% des terres sont, selon la Convention des Nations unies sur la lutte contre [&hellip;]<\/p>\n","protected":false},"author":1816,"featured_media":0,"comment_status":"closed","ping_status":"closed","sticky":false,"template":"","format":"standard","meta":{"fifu_image_url":"","fifu_image_alt":"","footnotes":""},"categories":[73,81],"tags":[],"class_list":["post-147324","post","type-post","status-publish","format-standard","hentry","category-actualite","category-burkina-faso"],"_links":{"self":[{"href":"https:\/\/linitiative.ca\/International\/wp-json\/wp\/v2\/posts\/147324","targetHints":{"allow":["GET"]}}],"collection":[{"href":"https:\/\/linitiative.ca\/International\/wp-json\/wp\/v2\/posts"}],"about":[{"href":"https:\/\/linitiative.ca\/International\/wp-json\/wp\/v2\/types\/post"}],"author":[{"embeddable":true,"href":"https:\/\/linitiative.ca\/International\/wp-json\/wp\/v2\/users\/1816"}],"replies":[{"embeddable":true,"href":"https:\/\/linitiative.ca\/International\/wp-json\/wp\/v2\/comments?post=147324"}],"version-history":[{"count":0,"href":"https:\/\/linitiative.ca\/International\/wp-json\/wp\/v2\/posts\/147324\/revisions"}],"wp:attachment":[{"href":"https:\/\/linitiative.ca\/International\/wp-json\/wp\/v2\/media?parent=147324"}],"wp:term":[{"taxonomy":"category","embeddable":true,"href":"https:\/\/linitiative.ca\/International\/wp-json\/wp\/v2\/categories?post=147324"},{"taxonomy":"post_tag","embeddable":true,"href":"https:\/\/linitiative.ca\/International\/wp-json\/wp\/v2\/tags?post=147324"}],"curies":[{"name":"wp","href":"https:\/\/api.w.org\/{rel}","templated":true}]}}