{"id":147326,"date":"2022-05-09T12:28:57","date_gmt":"2022-05-09T16:28:57","guid":{"rendered":"https:\/\/linitiative.ca\/International\/violences-obstetricales-la-sage-femme-invitee-a-etre-un-modele\/"},"modified":"2022-05-09T12:28:57","modified_gmt":"2022-05-09T16:28:57","slug":"violences-obstetricales-la-sage-femme-invitee-a-etre-un-modele","status":"publish","type":"post","link":"https:\/\/linitiative.ca\/International\/violences-obstetricales-la-sage-femme-invitee-a-etre-un-modele\/","title":{"rendered":"Violences obst\u00e9tricales\u00a0: La Sage-femme invit\u00e9e \u00e0 \u00eatre un mod\u00e8le"},"content":{"rendered":"<div>\n<p><strong>Dans le cadre de la Journ\u00e9e internationale de la sage-femme, l\u2019association pour la promotion des sages-femmes et ma\u00efeuticiens du Burkina Faso (APSAM\/BF) a organis\u00e9 le jeudi 5 mai 2022 un panel sur les violences en milieu obst\u00e9trical.<\/strong><\/p>\n<p>Comment devenir une sage-femme mod\u00e8le\u00a0? C\u2019est le th\u00e8me qui a \u00e9t\u00e9 d\u00e9velopp\u00e9 lors du panel organis\u00e9 par l\u2019association pour la promotion des Sages-femmes et Ma\u00efeuticiens du Burkina Faso (APSAM\/BF) \u00e0 Ouagadougou.<\/p>\n<p><em>\u00ab\u00a0Cette ann\u00e9e, notre association a d\u00e9cid\u00e9 de parler des violences obst\u00e9tricales et comment devenir une Sage-femme mod\u00e8le\u00a0?\u00a0\u00bb,<\/em> a indiqu\u00e9 la pr\u00e9sidente de l\u2019association pour la promotion des Sages-Femmes et ma\u00efeuticiens du Burkina, Georgette Zerbo Nikiema. Selon elle, le choix du th\u00e8me se justifie par l\u2019actualit\u00e9 nationale concernant les Sages-Femmes. <em>\u00ab\u00a0Ces temps-ci, les sages-femmes sont poursuivies, d\u00e9port\u00e9es en justice et jug\u00e9es pour des crimes\u00a0\u00bb, <\/em>a-t-elle dit.<\/p>\n<p>Elle a affirm\u00e9 que ce panel qui a vis\u00e9 les \u00e9l\u00e8ves sages-femmes et ma\u00efeuticiens de l\u2019\u00e9cole nationale de sant\u00e9 publique (ENSP) a pour objectif de les outiller sur les bonnes mani\u00e8res de la pratique du m\u00e9tier. <em>\u00ab\u00a0Vaut mieux pr\u00e9venir que gu\u00e9rir. C\u2019est pourquoi nous avons choisi ces jeunes pour leur inculquer les bonnes mani\u00e8res. Plus on commence t\u00f4t, plus on a la chance de r\u00e9ussir\u00a0\u00bb,<\/em> confie-t-elle.<\/p>\n<p>Selon Dr Souleymane Kabor\u00e9, premier paneliste, la violence obst\u00e9tricale se situe dans le domaine plus large des violences faites aux femmes. Cette violence se d\u00e9finit comme un exercice abusif de pouvoir par lequel un individu en position de force cherche \u00e0 contr\u00f4ler une autre personne en utilisant des moyens de diff\u00e9rents ordres afin de la maintenir dans un \u00e9tat d\u2019inf\u00e9riorit\u00e9 ou de l\u2019obliger \u00e0 adopter des comportements conformes \u00e0 ses propres d\u00e9sirs.\u00a0\u00bb<\/p>\n<p>Il a r\u00e9v\u00e9l\u00e9 que la violence obst\u00e9tricale au Burkina Faso se manifeste entre autres par des injures, des violences physiques (Gifles, coups sur les cuisses pour les faire \u00e9carter), de l\u2019hyper m\u00e9dicalisation (synto ou la contraception sans consentement), l\u2019absence de communication sur le diagnostic, le traitement et l\u2019\u00e9volution du travail , la non-assistance pendant le travail d\u2019accouchement ou \u00e0 la phase expulsive, le refus de traitement, la r\u00e9tention des femmes et des nouveau-n\u00e9s dans les \u00e9tablissements en raison de l\u2019incapacit\u00e9 de payer (dans les soins de sant\u00e9 priv\u00e9s), des sutures douloureuses sans anesth\u00e9sie, l\u2019obligation d\u2019accoucher dans certaines positions.<\/p>\n<p>Les cons\u00e9quences des violences obst\u00e9tricales sont l\u00e9gion et sont ressenties sur les plans individuel, syst\u00e9mique, soci\u00e9tal et l\u00e9gal.<\/p>\n<p>Il a affirm\u00e9 que sur le plan individuel la violence obst\u00e9tricale blesse la femme et porte atteinte \u00e0 leur int\u00e9grit\u00e9 physique, sexuelle, morale et psychologique. Cette violence selon lui peut entrainer des sympt\u00f4mes de stress post traumatique, une fr\u00e9quence accrue d\u2019attaques de panique, le sentiment d\u2019avoir \u00e9t\u00e9 abus\u00e9e et d\u2019avoir \u00e9t\u00e9 agress\u00e9e sexuellement.<\/p>\n<p>Sur le plan syst\u00e9mique, il a \u00e9voqu\u00e9 le cas de perte de confiance au syst\u00e8me de sant\u00e9, la faible utilisation des services et l\u2019augmentation de la morbidit\u00e9 et de la mortalit\u00e9. Et finalement sur le plan soci\u00e9tal et l\u00e9gal il a soulign\u00e9 que la violence obst\u00e9tricale engendre le silence.<\/p>\n<figure id=\"attachment_49205\" aria-describedby=\"caption-attachment-49205\" style=\"width: 900px\" class=\"wp-caption alignnone\"><img loading=\"lazy\" decoding=\"async\" data-attachment-id=\"49205\" data-permalink=\"https:\/\/www.sidwaya.info\/blog\/2022\/05\/09\/violences-obstetricales-la-sage-femme-invitee-a-etre-un-modele\/ph-particiapants\/\" data-orig-file=\"https:\/\/linitiative.ca\/International\/wp-content\/uploads\/sites\/23\/2022\/05\/Ph-Particiapants.jpg\" data-orig-size=\"900,394\" data-comments-opened=\"1\" data-image-meta='{\"aperture\":\"0\",\"credit\":\"\",\"camera\":\"\",\"caption\":\"\",\"created_timestamp\":\"0\",\"copyright\":\"\",\"focal_length\":\"0\",\"iso\":\"0\",\"shutter_speed\":\"0\",\"title\":\"\",\"orientation\":\"1\"}' data-image-title=\"Ph Particiapants\" data-image-description=\"\" data-image-caption=\"&lt;p&gt;Les \u00e9tudiants en sant\u00e9 ont suivi avec int\u00e9r\u00eat le th\u00e8me d\u00e9velopp\u00e9&lt;\/p&gt;\n\" data-medium-file=\"https:\/\/www.sidwaya.info\/wp-content\/uploads\/2022\/05\/Ph-Particiapants-300x131.jpg\" data-large-file=\"https:\/\/linitiative.ca\/International\/wp-content\/uploads\/sites\/23\/2022\/05\/Ph-Particiapants.jpg\" class=\"size-full wp-image-49205\" src=\"https:\/\/linitiative.ca\/International\/wp-content\/uploads\/sites\/23\/2022\/05\/Ph-Particiapants.jpg\" alt=\"\" width=\"900\" height=\"394\" srcset=\"https:\/\/linitiative.ca\/International\/wp-content\/uploads\/sites\/23\/2022\/05\/Ph-Particiapants.jpg 900w, https:\/\/www.sidwaya.info\/wp-content\/uploads\/2022\/05\/Ph-Particiapants-300x131.jpg 300w, https:\/\/www.sidwaya.info\/wp-content\/uploads\/2022\/05\/Ph-Particiapants-768x336.jpg 768w, https:\/\/www.sidwaya.info\/wp-content\/uploads\/2022\/05\/Ph-Particiapants-150x66.jpg 150w, https:\/\/www.sidwaya.info\/wp-content\/uploads\/2022\/05\/Ph-Particiapants-696x305.jpg 696w\" sizes=\"auto, (max-width: 900px) 100vw, 900px\"><figcaption id=\"caption-attachment-49205\" class=\"wp-caption-text\">Les \u00e9tudiants en sant\u00e9 ont suivi avec int\u00e9r\u00eat le th\u00e8me d\u00e9velopp\u00e9<\/figcaption><\/figure>\n<p><strong>Une obligation de porter assistance \u00e0 personne en danger<\/strong><\/p>\n<p>Le deuxi\u00e8me intervenant, le magistrat Harouna Kadio, quant \u00e0 lui, a trait\u00e9 des responsabilit\u00e9s p\u00e9nale, disciplinaire, civile et administrative.<\/p>\n<p>M Kadio a pr\u00e9cis\u00e9 que le m\u00e9decin est tenu \u00e0 une obligation de moyen. L\u2019obligation du m\u00e9decin n\u2019est donc pas de gu\u00e9rir le patient mais de tout mettre en \u0153uvre pour ce faire, a-t-il affirm\u00e9.<\/p>\n<p>\u00ab\u00a0La jurisprudence retient comme obligations du m\u00e9decin, le devoir d\u2019humanisme, le respect de la lic\u00e9it\u00e9 de l\u2019acte m\u00e9dical, l\u2019obligation de soins dans le respect des r\u00e8gles de l\u2019art\u00a0\u00bb, a soulign\u00e9 l\u2019homme de droit.<\/p>\n<p>S\u2019agissant du devoir d\u2019humanisme du m\u00e9decin, il a l\u2019obligation de respecter le secret professionnel et de porter assistance \u00e0 personne en danger.<\/p>\n<p>Pour ce qui du respect de la lic\u00e9it\u00e9 de l\u2019acte m\u00e9dicale, Harouna Kadio a affirm\u00e9 qu\u2019un m\u00e9decin peut porter atteinte \u00e0 l\u2019int\u00e9grit\u00e9 physique d\u2019un patient \u00e0 conditions de le faire dans un but m\u00e9dical et avec le consentement du patient. Ces deux conditions sont n\u00e9cessaires.<\/p>\n<p>Mariam Galban\u00e9, sage-femme \u00e0 la retraite et troisi\u00e8me paneliste, a ax\u00e9 son intervention sur \u00ab\u00a0comment devenir une\u00a0sage-femme mod\u00e8le\u00a0\u00bb. Elle a soulign\u00e9 que sur le plan technique, on ne reproche pas aux sages-femmes les capacit\u00e9s techniques qu\u2019elles d\u00e9livrent, mais leurs mauvais comportements envers les patientes, leurs mani\u00e8res de communiquer avec elles et le manque de respect envers leurs patientes.<\/p>\n<p>Elle a \u00e9galement confi\u00e9 qu\u2019au fil des ann\u00e9es, la qualit\u00e9 des soins offerte par les sages-femmes a baiss\u00e9. Mais selon elle, cela s\u2019explique par les effectifs pl\u00e9thoriques dans les salles de formation.<\/p>\n<p>Au-del\u00e0 de ce panel mais toujours dans le cadre de la comm\u00e9moration de la journ\u00e9e internationale de la sage-femme, l\u2019APSAM\/BF a organis\u00e9, le samedi 7 mai, une s\u00e9ance de pr\u00e9paration \u00e0 l\u2019accouchement intitul\u00e9e \u00ab\u00a0A chaque femme enceinte, sa sage-femme\u00a0\u00bb, suivi d\u2019une remise de cadeaux aux m\u00e8res allaitantes mod\u00e8les.<\/p>\n<p><strong>Wamini Micheline OUEDRAOGO<\/strong><\/p>\n<\/div>\n<p>Auteur: Wamini SIDWAYA<br \/>\n<a href=\"https:\/\/www.sidwaya.info\/blog\/2022\/05\/09\/violences-obstetricales-la-sage-femme-invitee-a-etre-un-modele\/\">Cliquez ici pour lire l&rsquo;article depuis sa source.<\/a><\/p>\n","protected":false},"excerpt":{"rendered":"<p>Dans le cadre de la Journ\u00e9e internationale de la sage-femme, l\u2019association pour la promotion des sages-femmes et ma\u00efeuticiens du Burkina Faso (APSAM\/BF) a organis\u00e9 le jeudi 5 mai 2022 un panel sur les violences en milieu obst\u00e9trical. Comment devenir une sage-femme mod\u00e8le\u00a0? C\u2019est le th\u00e8me qui a \u00e9t\u00e9 d\u00e9velopp\u00e9 lors du panel organis\u00e9 par l\u2019association [&hellip;]<\/p>\n","protected":false},"author":1816,"featured_media":0,"comment_status":"closed","ping_status":"closed","sticky":false,"template":"","format":"standard","meta":{"fifu_image_url":"https:\/\/www.sidwaya.info\/wp-content\/uploads\/2022\/05\/Ph-Particiapants.jpg","fifu_image_alt":"Violences obst\u00e9tricales\u00a0: La Sage-femme invit\u00e9e \u00e0 \u00eatre un mod\u00e8le","footnotes":""},"categories":[73,81],"tags":[],"class_list":["post-147326","post","type-post","status-publish","format-standard","hentry","category-actualite","category-burkina-faso"],"_links":{"self":[{"href":"https:\/\/linitiative.ca\/International\/wp-json\/wp\/v2\/posts\/147326","targetHints":{"allow":["GET"]}}],"collection":[{"href":"https:\/\/linitiative.ca\/International\/wp-json\/wp\/v2\/posts"}],"about":[{"href":"https:\/\/linitiative.ca\/International\/wp-json\/wp\/v2\/types\/post"}],"author":[{"embeddable":true,"href":"https:\/\/linitiative.ca\/International\/wp-json\/wp\/v2\/users\/1816"}],"replies":[{"embeddable":true,"href":"https:\/\/linitiative.ca\/International\/wp-json\/wp\/v2\/comments?post=147326"}],"version-history":[{"count":0,"href":"https:\/\/linitiative.ca\/International\/wp-json\/wp\/v2\/posts\/147326\/revisions"}],"wp:attachment":[{"href":"https:\/\/linitiative.ca\/International\/wp-json\/wp\/v2\/media?parent=147326"}],"wp:term":[{"taxonomy":"category","embeddable":true,"href":"https:\/\/linitiative.ca\/International\/wp-json\/wp\/v2\/categories?post=147326"},{"taxonomy":"post_tag","embeddable":true,"href":"https:\/\/linitiative.ca\/International\/wp-json\/wp\/v2\/tags?post=147326"}],"curies":[{"name":"wp","href":"https:\/\/api.w.org\/{rel}","templated":true}]}}