{"id":147332,"date":"2022-05-09T15:18:03","date_gmt":"2022-05-09T19:18:03","guid":{"rendered":"https:\/\/linitiative.ca\/International\/confusion-dans-les-chiffres-de-la-covid-19-en-afrique\/"},"modified":"2022-05-09T15:18:03","modified_gmt":"2022-05-09T19:18:03","slug":"confusion-dans-les-chiffres-de-la-covid-19-en-afrique","status":"publish","type":"post","link":"https:\/\/linitiative.ca\/International\/confusion-dans-les-chiffres-de-la-covid-19-en-afrique\/","title":{"rendered":"Confusion dans les chiffres de la Covid-19 en Afrique"},"content":{"rendered":"<div>\n<p><img decoding=\"async\" width=\"300\" height=\"168\" src=\"https:\/\/linitiative.ca\/International\/wp-content\/uploads\/sites\/23\/2022\/05\/16521238837708.jpg\" class=\"attachment-post-thumbnail size-post-thumbnail wp-post-image\" alt=\"\" loading=\"lazy\" srcset=\"https:\/\/linitiative.ca\/International\/wp-content\/uploads\/sites\/23\/2022\/05\/16521238837708.jpg 300w, https:\/\/www.journalducameroun.com\/wp-content\/uploads\/2022\/05\/16521238837708-780x440.jpg 780w, https:\/\/www.journalducameroun.com\/wp-content\/uploads\/2022\/05\/16521238837708-160x90.jpg 160w, https:\/\/www.journalducameroun.com\/wp-content\/uploads\/2022\/05\/16521238837708-240x135.jpg 240w\" sizes=\"auto, (max-width: 300px) 100vw, 300px\"><\/p>\n<p>Les pays africains ont eu du mal \u00e0 dresser un bilan pr\u00e9cis de la Covid-19.Un pays comme la Tanzanie a \u00e9t\u00e9 \u00e0 maintes reprises point\u00e9 du doigt pour ne pas avoir fourni un d\u00e9compte exact du nombre d&rsquo;infections \u00e0 la Covid-19, laissant de nombreux observateurs de la sant\u00e9 craindre qu&rsquo;une dose malsaine de cynisme africain n&#8217;emp\u00eache le continent d&rsquo;obtenir une image fiable de l&rsquo;\u00e9tat du virus contract\u00e9 par les Africains.<\/p>\n<p>Une \u00e9tude de l&rsquo;Organisation mondiale de la sant\u00e9 (OMS) publi\u00e9e le 7 avril 2022 r\u00e9v\u00e8le qu&rsquo;une seule une fraction de l&rsquo;\u00e9tendue r\u00e9elle de la p\u00e9n\u00e9tration de la Covid-19 en Afrique est confirm\u00e9e. Le reste rel\u00e8ve de la conjecture et de la devinette.<\/p>\n<p>La directrice de l&rsquo;OMS pour l&rsquo;Afrique, Dr. Matshidiso Moeti, n&rsquo;aurait pas pu mieux r\u00e9sumer la situation lorsqu&rsquo;elle a d\u00e9clar\u00e9 que, bien que les nouvelles infections et les d\u00e9c\u00e8s li\u00e9s au coronavirus poursuivent leur baisse sur le continent, \u00ab une nouvelle analyse&#8230;r\u00e9v\u00e8le que les donn\u00e9es disponibles ne font probablement que gratter la surface de l&rsquo;\u00e9tendue r\u00e9elle des infections au coronavirus en Afrique \u00bb.<\/p>\n<p>Le continent compte 97 fois plus de cas que ne le sugg\u00e8rent les chiffres officiels, selon l&rsquo;\u00e9tude de l&rsquo;OMS qui a \u00e9galement \u00e9tabli la moyenne mondiale des infections \u00e0 la Covid \u00e0 un niveau 16 fois sup\u00e9rieur au nombre de cas confirm\u00e9s dans le monde.<\/p>\n<p>Selon Mme Moeti, l&rsquo;examen des \u00e9chantillons de sang a r\u00e9v\u00e9l\u00e9 une sous-comptabilisation de 4,5% des cas dans le monde en septembre dernier.<\/p>\n<p>\u00ab Il est toutefois difficile de comparer les chiffres de l&rsquo;Afrique avec ceux d&rsquo;autres r\u00e9gions, car bon nombre des \u00e9tudes r\u00e9alis\u00e9es couvrent des p\u00e9riodes diff\u00e9rentes et les strat\u00e9gies de d\u00e9pistage varient consid\u00e9rablement d&rsquo;une r\u00e9gion \u00e0 une autre \u00bb, a d\u00e9clar\u00e9 Mme Moeti.<\/p>\n<p>L&rsquo;\u00e9tude s&rsquo;est appuy\u00e9e sur 151 \u00e9tudes ant\u00e9rieures men\u00e9es en Afrique, \u00e9tudiant des \u00e9chantillons de sang en vue de d\u00e9terminer la proportion d&rsquo;Africains infect\u00e9s par le SRAS-CoV-2.<\/p>\n<p>En utilisant cette formule, l&rsquo;\u00e9tude a constat\u00e9 que les infections avaient augment\u00e9 de 3% en juin 2020 pour atteindre 65% en septembre 2021, moment de l&rsquo;apparition des variants b\u00eata et delta.<\/p>\n<p>De l&rsquo;avis de la directrice de l&rsquo;OMS-Afrique, la r\u00e9ponse \u00e0 cette derni\u00e8re augmentation document\u00e9e r\u00e9side dans la hausse du nombre de tests, de tra\u00e7age de contacts et de la surveillance sur tout le continent, \u00e9tant donn\u00e9 que la proportion de cas asymptomatiques est plus \u00e9lev\u00e9e en Afrique qu&rsquo;ailleurs dans le monde (67%).<\/p>\n<p>Sur les 1,3 milliard d&rsquo;habitants que compte le continent, plus de 100 millions de tests avaient \u00e9t\u00e9 r\u00e9alis\u00e9s \u00e0 la fin du mois d&rsquo;avril 2022, l&rsquo;Afrique du Sud \u00e9tant en t\u00eate avec 24,3 millions de tests.<\/p>\n<p>Le Nigeria, qui compte plus de 200 millions d&rsquo;habitants, a effectu\u00e9 un peu moins de 5,5 millions de tests, selon le Centre africain de contr\u00f4le des maladies (Africa CDC). Il note que le nombre de personnes vivant avec le coronavirus sur le continent a d\u00e9pass\u00e9 les 11,5 millions et pr\u00e8s de 260.000 d\u00e9c\u00e8s ont \u00e9t\u00e9 enregistr\u00e9s.<\/p>\n<p>Cet article <a rel=\"nofollow\" href=\"https:\/\/www.journalducameroun.com\/confusion-dans-les-chiffres-de-la-covid-19-en-afrique\/\">Confusion dans les chiffres de la Covid-19 en Afrique<\/a> est apparu en premier sur <a rel=\"nofollow\" href=\"https:\/\/www.journalducameroun.com\/\">Journal du Cameroun<\/a>.<\/p>\n<\/div>\n<p>Auteur: APA News<br \/>\n<a href=\"https:\/\/www.journalducameroun.com\/confusion-dans-les-chiffres-de-la-covid-19-en-afrique\/\">Cliquez ici pour lire l&rsquo;article depuis sa source.<\/a><\/p>\n","protected":false},"excerpt":{"rendered":"<p>Les pays africains ont eu du mal \u00e0 dresser un bilan pr\u00e9cis de la Covid-19.Un pays comme la Tanzanie a \u00e9t\u00e9 \u00e0 maintes reprises point\u00e9 du doigt pour ne pas avoir fourni un d\u00e9compte exact du nombre d&rsquo;infections \u00e0 la Covid-19, laissant de nombreux observateurs de la sant\u00e9 craindre qu&rsquo;une dose malsaine de cynisme africain [&hellip;]<\/p>\n","protected":false},"author":1965,"featured_media":0,"comment_status":"closed","ping_status":"closed","sticky":false,"template":"","format":"standard","meta":{"fifu_image_url":"https:\/\/www.journalducameroun.com\/wp-content\/uploads\/2022\/05\/16521238837708.jpg","fifu_image_alt":"Confusion dans les chiffres de la Covid-19 en Afrique","footnotes":""},"categories":[73,82],"tags":[],"class_list":["post-147332","post","type-post","status-publish","format-standard","hentry","category-actualite","category-cameroun"],"_links":{"self":[{"href":"https:\/\/linitiative.ca\/International\/wp-json\/wp\/v2\/posts\/147332","targetHints":{"allow":["GET"]}}],"collection":[{"href":"https:\/\/linitiative.ca\/International\/wp-json\/wp\/v2\/posts"}],"about":[{"href":"https:\/\/linitiative.ca\/International\/wp-json\/wp\/v2\/types\/post"}],"author":[{"embeddable":true,"href":"https:\/\/linitiative.ca\/International\/wp-json\/wp\/v2\/users\/1965"}],"replies":[{"embeddable":true,"href":"https:\/\/linitiative.ca\/International\/wp-json\/wp\/v2\/comments?post=147332"}],"version-history":[{"count":0,"href":"https:\/\/linitiative.ca\/International\/wp-json\/wp\/v2\/posts\/147332\/revisions"}],"wp:attachment":[{"href":"https:\/\/linitiative.ca\/International\/wp-json\/wp\/v2\/media?parent=147332"}],"wp:term":[{"taxonomy":"category","embeddable":true,"href":"https:\/\/linitiative.ca\/International\/wp-json\/wp\/v2\/categories?post=147332"},{"taxonomy":"post_tag","embeddable":true,"href":"https:\/\/linitiative.ca\/International\/wp-json\/wp\/v2\/tags?post=147332"}],"curies":[{"name":"wp","href":"https:\/\/api.w.org\/{rel}","templated":true}]}}