{"id":147341,"date":"2022-05-09T08:54:45","date_gmt":"2022-05-09T12:54:45","guid":{"rendered":"https:\/\/linitiative.ca\/International\/fibre-optique-le-cameroun-et-la-rca-veulent-finaliser-linterconnexion-de-leurs-reseaux-avant-2023\/"},"modified":"2022-05-09T08:54:45","modified_gmt":"2022-05-09T12:54:45","slug":"fibre-optique-le-cameroun-et-la-rca-veulent-finaliser-linterconnexion-de-leurs-reseaux-avant-2023","status":"publish","type":"post","link":"https:\/\/linitiative.ca\/International\/fibre-optique-le-cameroun-et-la-rca-veulent-finaliser-linterconnexion-de-leurs-reseaux-avant-2023\/","title":{"rendered":"Fibre\u00a0\u00a0optique\u00a0: le Cameroun et la RCA veulent finaliser l\u2019interconnexion de leurs r\u00e9seaux avant 2023"},"content":{"rendered":"<div>\n<p>D\u2019ici 2023, les r\u00e9seaux de t\u00e9l\u00e9communications du Cameroun et de la R\u00e9publique centrafricaine (RCA) seront interconnect\u00e9s par une infrastructure terrestre de r\u00e9seau de fibre optique. C\u2019est ce qui ressort du MoU sign\u00e9 dans la capitale camerounaise entre Minette Libom Li Likeng ministre camerounaise des Postes et T\u00e9l\u00e9communications, et son homologue centrafricain Justin Gourna Zacko. \u00a0De fa\u00e7on op\u00e9rationnelle, le M\u00e9morandum fixe le cadre g\u00e9n\u00e9ral de la coop\u00e9ration entre les deux pays, en mati\u00e8re d\u2019interconnexion des r\u00e9seaux de communications \u00e9lectroniques. Ainsi, il est ax\u00e9 sur l\u2019interconnexion physique et logique des r\u00e9seaux de communications \u00e9lectroniques de la R\u00e9publique Centrafricaine et de la R\u00e9publique du Cameroun, notamment sur les aspects techniques, \u00e9conomiques et juridiques ; la coordination des capacit\u00e9s pour l\u2019acheminement du trafic entre les r\u00e9seaux des parties ;\u00a0 l\u2019offre mutuelle des voies de restauration pour la s\u00e9curisation des communications des r\u00e9seaux des parties ; la baisse des co\u00fbts et des tarifs des services de communications \u00e9lectroniques.<\/p>\n<p><strong>Lire aussi :<\/strong> <strong><a href=\"https:\/\/ecomatin.net\/fibre-optique-camtel-sassocie-a-sudachad-et-sudatel-l-pour-la-conquete-du-marche-ouest-et-est-africain\/\">Fibre optique : Camtel s\u2019associe \u00e0 Sudachad et Sudatel pour la conqu\u00eate du march\u00e9 Ouest et Est africain<\/a><\/strong><\/p>\n<p>\u00ab\u00a0La R\u00e9publique Centrafricaine, pays enclav\u00e9 au c\u0153ur du continent, profitera de sa situation g\u00e9ographique pour en faire une opportunit\u00e9 d\u2019investissements dans le domaine des communications \u00e9lectroniques et d\u2019\u00eatre un hub naturel pour la sous-r\u00e9gion et du Continent Africain\u00a0\u00bb, \u00e9tayait Justin Gourna Zacko dans son allocution de circonstance. Lequel annon\u00e7ait\u00a0 que \u2009\u00ab\u00a0bient\u00f4t, des conventions sp\u00e9cifiques seront sign\u00e9es entre le gouvernement du Cameroun \u00e0 travers Camtel et le gouvernement de la RCA \u00e0 travers la Soci\u00e9t\u00e9 gestionnaire de l\u2019infrastructure\u00bb.<\/p>\n<p>Au sujet des d\u00e9lais de finalisation des travaux, les deux Etats s\u2019accordent pour dire \u00ab\u00a0qu\u2019avant la date de cl\u00f4ture de nos deux le projets CAB pr\u00e9vue respectivement le 30 juin 2022 pour le Cameroun et le 31 d\u00e9cembre 2022 pour la RCA, nous aurons tir\u00e9 profit de cette noble coop\u00e9ration\u2009\u00bb, a d\u00e9clar\u00e9 Justin Gourna Zacko.<\/p>\n<p><strong>Lire aussi : <a href=\"https:\/\/ecomatin.net\/camtel-sappuie-sur-mtn-pour-etendre-son-reseau-dans-les-zones-non-couvertes-s-du-pays\/\" rel=\"sponsored nofollow\">Camtel s\u2019appuie sur Mtn pour \u00e9tendre son r\u00e9seau dans les zones non couvertes du pays<\/a><\/strong><\/p>\n<p>En effet, le projet Central Africa Backbone (CAB) vise \u00e0 connecter les pays de la Communaut\u00e9 \u00e9conomique des \u00c9tats d\u2019Afrique centrale (Ceeac), via des infrastructures de t\u00e9l\u00e9coms \u00e0 haut d\u00e9bit. Dans le cadre de ce projet, la Centrafrique devait s\u2019interconnecter au Cameroun et au Congo. Le Cameroun doit s\u2019interconnecter au Congo, au Gabon, au Tchad et \u00e0 la R\u00e9publique centrafricaine.C\u2019est en janvier 2012, que les chefs d\u2019\u00c9tat de la Ceeac approuvaient ce projet int\u00e9grateur. En connectant les pays d\u2019Afrique centrale \u00e0 une infrastructure t\u00e9l\u00e9coms \u00e0 haut d\u00e9bit, \u00a0il va sans dire que l\u2019on achemine vers la connectivit\u00e9 pour tous, et surtout \u00a0\u00e0 la r\u00e9duction\u00a0 des co\u00fbts d\u2019acc\u00e8s.<\/p>\n<p><strong>Lire aussi : <a href=\"https:\/\/ecomatin.net\/telecommunications-camtel-pose-1200km-de-fibre-optique-pour-ameliorer-la-couverture-numerique-nationale\/\" rel=\"nofollow\">T\u00e9l\u00e9communications : Camtel pose 1200km de fibre optique pour am\u00e9liorer la couverture num\u00e9rique nationale<\/a><\/strong><\/p>\n<p>L\u2019article <a rel=\"nofollow\" href=\"https:\/\/ecomatin.net\/fibre-optique-le-cameroun-et-la-rca-veulent-t-finaliser-linterconnexion-de-leurs-reseaux-avant-2023\/\">Fibre\u00a0\u00a0optique\u00a0: le Cameroun et la RCA veulent finaliser l\u2019interconnexion de leurs r\u00e9seaux avant 2023<\/a> est apparu en premier sur <a rel=\"nofollow\" href=\"https:\/\/ecomatin.net\/\">EcoMatin<\/a>.<\/p>\n<\/div>\n<p>Auteur: Amina MALLOUM<br \/>\n<a href=\"https:\/\/ecomatin.net\/fibre-optique-le-cameroun-et-la-rca-veulent-t-finaliser-linterconnexion-de-leurs-reseaux-avant-2023\/\">Cliquez ici pour lire l&rsquo;article depuis sa source.<\/a><\/p>\n","protected":false},"excerpt":{"rendered":"<p>D\u2019ici 2023, les r\u00e9seaux de t\u00e9l\u00e9communications du Cameroun et de la R\u00e9publique centrafricaine (RCA) seront interconnect\u00e9s par une infrastructure terrestre de r\u00e9seau de fibre optique. C\u2019est ce qui ressort du MoU sign\u00e9 dans la capitale camerounaise entre Minette Libom Li Likeng ministre camerounaise des Postes et T\u00e9l\u00e9communications, et son homologue centrafricain Justin Gourna Zacko. \u00a0De [&hellip;]<\/p>\n","protected":false},"author":1969,"featured_media":0,"comment_status":"closed","ping_status":"closed","sticky":false,"template":"","format":"standard","meta":{"fifu_image_url":"","fifu_image_alt":"","footnotes":""},"categories":[82,78],"tags":[],"class_list":["post-147341","post","type-post","status-publish","format-standard","hentry","category-cameroun","category-economie"],"_links":{"self":[{"href":"https:\/\/linitiative.ca\/International\/wp-json\/wp\/v2\/posts\/147341","targetHints":{"allow":["GET"]}}],"collection":[{"href":"https:\/\/linitiative.ca\/International\/wp-json\/wp\/v2\/posts"}],"about":[{"href":"https:\/\/linitiative.ca\/International\/wp-json\/wp\/v2\/types\/post"}],"author":[{"embeddable":true,"href":"https:\/\/linitiative.ca\/International\/wp-json\/wp\/v2\/users\/1969"}],"replies":[{"embeddable":true,"href":"https:\/\/linitiative.ca\/International\/wp-json\/wp\/v2\/comments?post=147341"}],"version-history":[{"count":0,"href":"https:\/\/linitiative.ca\/International\/wp-json\/wp\/v2\/posts\/147341\/revisions"}],"wp:attachment":[{"href":"https:\/\/linitiative.ca\/International\/wp-json\/wp\/v2\/media?parent=147341"}],"wp:term":[{"taxonomy":"category","embeddable":true,"href":"https:\/\/linitiative.ca\/International\/wp-json\/wp\/v2\/categories?post=147341"},{"taxonomy":"post_tag","embeddable":true,"href":"https:\/\/linitiative.ca\/International\/wp-json\/wp\/v2\/tags?post=147341"}],"curies":[{"name":"wp","href":"https:\/\/api.w.org\/{rel}","templated":true}]}}